{"id":1408,"date":"2022-07-29T08:20:10","date_gmt":"2022-07-29T08:20:10","guid":{"rendered":"http:\/\/vmksz.hu\/wpnew\/?p=1408"},"modified":"2022-07-29T08:20:13","modified_gmt":"2022-07-29T08:20:13","slug":"veszprem-megye-egyedulallo-az-orszagban","status":"publish","type":"post","link":"http:\/\/vmksz.hu\/wpnew\/2022\/07\/29\/veszprem-megye-egyedulallo-az-orszagban\/","title":{"rendered":"Veszpr\u00e9m megye egyed\u00fcl\u00e1ll\u00f3 az orsz\u00e1gban"},"content":{"rendered":"\n<p>Vitathatatlan, hogy Veszpr\u00e9m megye a k\u00e9zilabda sport fellegv\u00e1ra. Ha megn\u00e9zz\u00fck a 2021\/22-es \u00e9vad \u00f6sszegz\u00e9s\u00e9t, akkor l\u00e1thatjuk, megy\u00e9nk eredm\u00e9nyess\u00e9gben, k\u00e9pz\u00e9sben egyed\u00fcl\u00e1ll\u00f3 az orsz\u00e1gban.<\/p>\n\n\n\n<p>A f\u00e9rfi \u00e9lvonal eredm\u00e9nyei \u00f6nmaguk\u00e9rt besz\u00e9lnek: a <strong>Telekom Veszpr\u00e9m<\/strong> n\u00fcnaszokkal alulmaradt a Pick Szegeddel szemben a bajnoki d\u00f6nt\u0151ben \u00e9s csak ez\u00fcst\u00e9rmes lett, viszont a dobog\u00f3 harmadik fok\u00e1t a <strong>Balatonf\u00fcredi KSE<\/strong> foglalhatta el, nyolc \u00e9v ut\u00e1n szerzett \u00fajra \u00e9rmet az NB I-ben a t\u00f3parti g\u00e1rda. A <strong>Fej\u00e9r B.\u00c1.L &#8211; Veszpr\u00e9m<\/strong> csapata pedig nagy brav\u00fart el\u00e9rve bejutott a Magyar Kupa d\u00f6nt\u0151j\u00e9be, ahol sportt\u00f6rt\u00e9nelmi rangad\u00f3t rendeztek, hiszen ellenfel\u00fck a <strong>Telekom Veszpr\u00e9m<\/strong> g\u00e1rd\u00e1ja volt, \u00edgy Veszpr\u00e9mbe ker\u00fclt a Magyar Kupa arany-, \u00e9s ez\u00fcst\u00e9rme\u00a0is, ezzel pedig a <strong>Fej\u00e9r B.\u00c1.L<\/strong> is nemzetk\u00f6zi kupa indul\u00e1si jogot szerzett mag\u00e1nak.\u00a0<\/p>\n\n\n\n<p>Az NB I\/B-ben a <strong>Balaton-felvid\u00e9ki K\u00e9zilabda Akad\u00e9mia<\/strong> k\u00e9t csapata vett r\u00e9szt: a veszpr\u00e9mi fiatalok az el\u0151kel\u0151 hatodik helyen z\u00e1rtak, a f\u00fcrediek pedig az als\u00f3h\u00e1zban lettek m\u00e1sodikak.<\/p>\n\n\n\n<p>Az NB II-ben \u00f3ri\u00e1si Veszpr\u00e9m megyei f\u00f6l\u00e9nyr\u0151l sz\u00e1molhatunk be: a <strong>KK Ajka<\/strong> z\u00e1rt az \u00e9len \u00e9s szerzett jogot a feljebb l\u00e9p\u00e9sre, m\u00f6g\u00f6tte m\u00e1sodik helyen v\u00e9gzett a <strong>Veszpr\u00e9mi KKFT U23<\/strong>-as egy\u00fcttese. A <strong>V\u00e1rpalotai BSK<\/strong> \u00e9ppen lemaradt a dobog\u00f3r\u00f3l, ugyanannyi pontot szerzett, mint a Gy\u0151r, de riv\u00e1lisa jobb egym\u00e1s elleni eredm\u00e9nnyel el\u0151r\u00e9bb z\u00e1rt.<\/p>\n\n\n\n<p>A <strong>BFKA-Balatonf\u00fcred U23<\/strong> ifjoncai itt a hetedik helyet szerezt\u00e9k meg, az Als\u00f3\u00f6rs pedig kilencedik lett.<\/p>\n\n\n\n<p>A n\u0151i NB II-ben szint\u00e9n k\u00e9t Veszpr\u00e9m megyei \u00e1llhatott fel a k\u00e9pzeletbeli dobog\u00f3ra: a <strong>Veszpr\u00e9m Pannon SE<\/strong> t\u00f6rt\u00e9nelmi arany\u00e9rmet \u00fcnnepelhetett, a <strong>BDSE-Nemesv\u00e1mos<\/strong> pedig kiharcolta a bronzot.<\/p>\n\n\n\n<p>T\u00e9rj\u00fcnk \u00e1t az ut\u00e1np\u00f3tl\u00e1s bajnoks\u00e1gokra. a f\u00e9rfi ifj\u00fas\u00e1gi II. oszt\u00e1lyban a <strong>KK Ajk\u00e1<\/strong>nak j\u00e1r a taps, hiszen harmadik lett, m\u00f6g\u00f6tte negyedik helyen z\u00e1rt a <strong>VKKFT II<\/strong>. A serd\u00fcl\u0151 koroszt\u00e1lyban a II. oszt\u00e1lyban a <strong>V\u00e1rpalota <\/strong>m\u00e1sodik helyez\u00e9s\u00e9t kell kiemelni. Itt az<strong> \u00c9les KISE<\/strong> a hatodik lett.<\/p>\n\n\n\n<p>A fi\u00fa U16 I. oszt\u00e1lyban is veszpr\u00e9mi bajnoki c\u00edm sz\u00fcletett, az <strong>\u00c9les KISE<\/strong> szerezte meg. A <strong>BFKA-Veszpr\u00e9m<\/strong> a tabell\u00e1n a negyedik poz\u00edci\u00f3t foglalta el, a <strong>BFKA-Balatonf\u00fcred<\/strong> pedig a hetediket.<\/p>\n\n\n\n<p>Az U15-ben a <strong>Telekom Veszpr\u00e9m<\/strong> bronz\u00e9rmes lett, az <strong>\u00c9les KISE<\/strong> pedig hetedik.<\/p>\n\n\n\n<p>Az U14-ben viszont bajnoki c\u00edm jutott a <strong>Telekom <\/strong>egy\u00fcttes\u00e9nek, az <strong>\u00c9les KISE<\/strong> ebben a korcsoportban a harmadik helyez\u00e9st \u00e9rte el.<\/p>\n\n\n\n<p>N\u0151i vonalon is akadnak megyei csapatok, amelyek nagyszer\u0171en szerepelnek. Az ifj\u00fas\u00e1gi I. oszt\u00e1lyban a <strong>BDSE-Nemesv\u00e1mos<\/strong> a tizenkettedik helyez\u00e9st \u00e9rte el haz\u00e1nk legkiv\u00e1l\u00f3bb ut\u00e1np\u00f3tl\u00e1s m\u0171helyei k\u00f6z\u00f6tt. A serd\u00fcl\u0151kn\u00e9l sem vallott sz\u00e9gyent, itt a kilencedik lett.<\/p>\n\n\n\n<p>A ny\u00e1ron pedig strandk\u00e9zilabd\u00e1ban is kijutott a j\u00f3b\u00f3l: a nemesv\u00e1mosiak k\u00f6z\u00fcl <strong>Kreutz Kitti<\/strong> \u00e9s <strong>Orb\u00e1n Laura<\/strong> is strandk\u00e9zilabda Eur\u00f3pa-bajnoki selejtez\u0151 torn\u00e1t nyert ifj\u00fas\u00e1gi kor\u00fak\u00e9nt a feln\u0151tt v\u00e1logatott tagjak\u00e9nt, m\u00edg a fi\u00fakn\u00e1l az <strong>\u00c9les KISE<\/strong> testv\u00e9rp\u00e1rosa, <strong>Pint\u00e9r Kopp\u00e1ny<\/strong> \u00e9s <strong>Pint\u00e9r Bulcs\u00fa<\/strong>, valamint k\u00e9t <strong>BFKA<\/strong>-s akad\u00e9mista <strong>B\u00e1lint Bence<\/strong> \u00e9s <strong>De\u00e1k Bence<\/strong> szerzett Eur\u00f3pa-bajnoki c\u00edmet t\u00e1rsaival Pr\u00e1g\u00e1ban.<\/p>\n\n\n\n<p>Ha csak ezeket az eredm\u00e9nyeket n\u00e9zz\u00fck, \u00e9s akkor m\u00e9g a di\u00e1kolimpiai \u00e9s valamennyi strandk\u00e9zilabd\u00e1s helyez\u00e9st nem soroltuk fel, akkor l\u00e1thatjuk, megy\u00e9nk kimagaslik. Kiv\u00e1l\u00f3 munka folyik a kisebb-nagyobb egyes\u00fcletekben, b\u00fcszk\u00e9k lehet\u00fcnk erre az \u00e9vadra!<\/p>\n","protected":false},"excerpt":{"rendered":"<p>Vitathatatlan, hogy Veszpr\u00e9m megye a k\u00e9zilabda sport fellegv\u00e1ra. Ha megn\u00e9zz\u00fck a 2021\/22-es \u00e9vad \u00f6sszegz\u00e9s\u00e9t, akkor l\u00e1thatjuk, megy\u00e9nk eredm\u00e9nyess\u00e9gben, k\u00e9pz\u00e9sben egyed\u00fcl\u00e1ll\u00f3 az orsz\u00e1gban. A f\u00e9rfi \u00e9lvonal eredm\u00e9nyei \u00f6nmaguk\u00e9rt besz\u00e9lnek: a Telekom Veszpr\u00e9m n\u00fcnaszokkal alulmaradt a Pick Szegeddel szemben a bajnoki d\u00f6nt\u0151ben \u00e9s csak ez\u00fcst\u00e9rmes lett, viszont a dobog\u00f3 harmadik fok\u00e1t a Balatonf\u00fcredi KSE foglalhatta el, nyolc &hellip; <\/p>\n<p class=\"link-more\"><a href=\"http:\/\/vmksz.hu\/wpnew\/2022\/07\/29\/veszprem-megye-egyedulallo-az-orszagban\/\" class=\"more-link\"><span class=\"screen-reader-text\">&#8222;Veszpr\u00e9m megye egyed\u00fcl\u00e1ll\u00f3 az orsz\u00e1gban&#8221;<\/span> b\u0151vebben<\/a><\/p>\n","protected":false},"author":1,"featured_media":0,"comment_status":"closed","ping_status":"closed","sticky":false,"template":"","format":"standard","meta":{"ngg_post_thumbnail":0,"_monsterinsights_skip_tracking":false,"_monsterinsights_sitenote_active":false,"_monsterinsights_sitenote_note":"","_monsterinsights_sitenote_category":0,"footnotes":""},"categories":[1],"tags":[],"_links":{"self":[{"href":"http:\/\/vmksz.hu\/wpnew\/wp-json\/wp\/v2\/posts\/1408"}],"collection":[{"href":"http:\/\/vmksz.hu\/wpnew\/wp-json\/wp\/v2\/posts"}],"about":[{"href":"http:\/\/vmksz.hu\/wpnew\/wp-json\/wp\/v2\/types\/post"}],"author":[{"embeddable":true,"href":"http:\/\/vmksz.hu\/wpnew\/wp-json\/wp\/v2\/users\/1"}],"replies":[{"embeddable":true,"href":"http:\/\/vmksz.hu\/wpnew\/wp-json\/wp\/v2\/comments?post=1408"}],"version-history":[{"count":1,"href":"http:\/\/vmksz.hu\/wpnew\/wp-json\/wp\/v2\/posts\/1408\/revisions"}],"predecessor-version":[{"id":1409,"href":"http:\/\/vmksz.hu\/wpnew\/wp-json\/wp\/v2\/posts\/1408\/revisions\/1409"}],"wp:attachment":[{"href":"http:\/\/vmksz.hu\/wpnew\/wp-json\/wp\/v2\/media?parent=1408"}],"wp:term":[{"taxonomy":"category","embeddable":true,"href":"http:\/\/vmksz.hu\/wpnew\/wp-json\/wp\/v2\/categories?post=1408"},{"taxonomy":"post_tag","embeddable":true,"href":"http:\/\/vmksz.hu\/wpnew\/wp-json\/wp\/v2\/tags?post=1408"}],"curies":[{"name":"wp","href":"https:\/\/api.w.org\/{rel}","templated":true}]}}