{"id":1413,"date":"2022-09-01T18:10:36","date_gmt":"2022-09-01T18:10:36","guid":{"rendered":"http:\/\/vmksz.hu\/wpnew\/?p=1413"},"modified":"2022-09-01T18:10:36","modified_gmt":"2022-09-01T18:10:36","slug":"levizsgaztak-a-jatekvezetok","status":"publish","type":"post","link":"http:\/\/vmksz.hu\/wpnew\/2022\/09\/01\/levizsgaztak-a-jatekvezetok\/","title":{"rendered":"Levizsg\u00e1ztak a j\u00e1t\u00e9kvezet\u0151k"},"content":{"rendered":"\n<p>Tov\u00e1bbk\u00e9pz\u00e9st tartottak az \u00e9lvonalbeli k\u00e9zilabda j\u00e1t\u00e9kvezet\u0151knek Kecskem\u00e9ten, ahol Veszpr\u00e9m megye sz\u00e9p sz\u00e1m\u00fa k\u00fcld\u00f6tts\u00e9ggel vett r\u00e9szt.<\/p>\n\n\n\n<p> A B\u00e1cs-Kiskun megyei telep\u00fcl\u00e9sen k\u00f6zel hatvan p\u00e1ros, vagyis t\u00f6bb mint 100 s\u00edpmester tal\u00e1lkozott a tov\u00e1bbk\u00e9pz\u00e9sen, ahol a r\u00e9sztvev\u0151k elm\u00e9leti \u00e9s gyakorlati oktat\u00e1son vettek r\u00e9szt, majd vizsg\u00e1t tettek az ott tanultakb\u00f3l. A Veszpr\u00e9m Megyei K\u00e9zilabda Sz\u00f6vets\u00e9g hat j\u00e1t\u00e9kvezet\u0151-p\u00e1rost deleg\u00e1lt az esem\u00e9nyre. Akadt, aki p\u00e1lyafut\u00e1sa sor\u00e1n els\u0151 \u00edzben vehetett r\u00e9szt az NB I-es \u00e9s NB I\/B-s tov\u00e1bbk\u00e9pz\u00e9sen, p\u00e9ld\u00e1ul a <strong>Marosi Zolt\u00e1n<\/strong>, <strong>Pap M\u00e1rk<\/strong> du\u00f3ja, m\u00edg a rutinos nemzetk\u00f6zi p\u00e1ros, <strong>Horv\u00e1th P\u00e9ter<\/strong> \u00e9s <strong>Marton Bal\u00e1zs<\/strong> m\u00e1r h\u00faszn\u00e1l is t\u00f6bbsz\u00f6r adott sz\u00e1mot tud\u00e1s\u00e1b\u00f3l.<\/p>\n\n\n\n<figure class=\"wp-block-image\"><img loading=\"lazy\" decoding=\"async\" width=\"750\" height=\"440\" src=\"http:\/\/vmksz.hu\/wpnew\/wp-content\/uploads\/2022\/09\/301413066_603164038051908_1375448170387922677_n.jpg\" alt=\"\" class=\"wp-image-1414\" srcset=\"http:\/\/vmksz.hu\/wpnew\/wp-content\/uploads\/2022\/09\/301413066_603164038051908_1375448170387922677_n.jpg 750w, http:\/\/vmksz.hu\/wpnew\/wp-content\/uploads\/2022\/09\/301413066_603164038051908_1375448170387922677_n-300x176.jpg 300w\" sizes=\"(max-width: 706px) 89vw, (max-width: 767px) 82vw, 740px\" \/><\/figure>\n\n\n\n<p>Az el\u0151ad\u00e1sokon a sporik t\u00f6bbek k\u00f6z\u00f6tt megismerkedhettek az \u00faj szab\u00e1lyokkal is, amelyek k\u00f6z\u00fcl a legnagyobb vit\u00e1t a k\u00f6z\u00e9pkezd\u00e9s elv\u00e9gz\u00e9s\u00e9re vonatkoz\u00f3 el\u0151\u00edr\u00e1s v\u00e1ltotta ki. Az \u00faj rendelkez\u00e9s szerint ugyanis a g\u00f3lt kap\u00f3 csapat j\u00e1t\u00e9kos\u00e1nak elegend\u0151 a n\u00e9gy m\u00e9ter \u00e1tm\u00e9r\u0151j\u0171 k\u00f6z\u00e9pk\u00f6rb\u0151l elv\u00e9gezni a kezd\u0151dob\u00e1st, nem k\u00f6telez\u0151 r\u00e1\u00e1llni a k\u00f6z\u00e9pvonalra.<\/p>\n\n\n\n<p>\u00daj szab\u00e1ly az is, hogy ha a kapust fejbe l\u00f6vik, akkor k\u00e9t perc j\u00e1r a t\u00e1mad\u00f3nak, eddig a j\u00e1t\u00e9kvezet\u0151k eltekinthettek a b\u00fcntet\u00e9st\u0151l.<\/p>\n\n\n\n<p>Az elm\u00e9leti anyag elsaj\u00e1t\u00edt\u00e1sa ut\u00e1n vizsg\u00e1t tettek a s\u00edpmesterek, azt\u00e1n egy vide\u00f3s teszten kellett megfelelni\u00fck. A fizikai \u00e1ll\u00f3k\u00e9pess\u00e9get Cooper \u00e9s ingafut\u00e1ssal ellen\u0151rizt\u00e9k.<\/p>\n\n\n\n<p>A Veszpr\u00e9m megyei j\u00e1t\u00e9kvezet\u0151k k\u00f6z\u00fcl mind a hat p\u00e1ros sikeresen levizsg\u00e1zott \u00e9s megkapta a min\u0151s\u00edt\u00e9st a 2022\/23-as \u00e9vadra. Fontos megjegyezn\u00fcnk, hogy Veszpr\u00e9m megye \u00e9vtizedek \u00f3ta \u00e9len j\u00e1r a j\u00e1t\u00e9kvezet\u0151k ut\u00e1np\u00f3tl\u00e1s nevel\u00e9s\u00e9ben, \u00e9s az id\u00e9n sem szakadt meg ez a remek tendencia.<\/p>\n\n\n\n<p>R\u00e1ad\u00e1sul a r\u00e9sztvev\u0151k azt is megtudhatt\u00e1k, hogy a Magyar K\u00e9zilabda Sz\u00f6vets\u00e9g (MKSZ) nyitott arra a kezdem\u00e9nyez\u00e9sre, hogy a j\u00e1t\u00e9kvezet\u0151k f\u00e9lprofi, profi st\u00e1tuszba ker\u00fcljenek, \u00e1m ennek technikai r\u00e9szletei m\u00e9g kidolgoz\u00e1s alatt \u00e1llnak.<\/p>\n\n\n\n<p>Valamennyi sikeresen vizsg\u00e1z\u00f3 sporinak gratul\u00e1lunk!<\/p>\n","protected":false},"excerpt":{"rendered":"<p>Tov\u00e1bbk\u00e9pz\u00e9st tartottak az \u00e9lvonalbeli k\u00e9zilabda j\u00e1t\u00e9kvezet\u0151knek Kecskem\u00e9ten, ahol Veszpr\u00e9m megye sz\u00e9p sz\u00e1m\u00fa k\u00fcld\u00f6tts\u00e9ggel vett r\u00e9szt. A B\u00e1cs-Kiskun megyei telep\u00fcl\u00e9sen k\u00f6zel hatvan p\u00e1ros, vagyis t\u00f6bb mint 100 s\u00edpmester tal\u00e1lkozott a tov\u00e1bbk\u00e9pz\u00e9sen, ahol a r\u00e9sztvev\u0151k elm\u00e9leti \u00e9s gyakorlati oktat\u00e1son vettek r\u00e9szt, majd vizsg\u00e1t tettek az ott tanultakb\u00f3l. A Veszpr\u00e9m Megyei K\u00e9zilabda Sz\u00f6vets\u00e9g hat j\u00e1t\u00e9kvezet\u0151-p\u00e1rost deleg\u00e1lt az esem\u00e9nyre. &hellip; <\/p>\n<p class=\"link-more\"><a href=\"http:\/\/vmksz.hu\/wpnew\/2022\/09\/01\/levizsgaztak-a-jatekvezetok\/\" class=\"more-link\"><span class=\"screen-reader-text\">&#8222;Levizsg\u00e1ztak a j\u00e1t\u00e9kvezet\u0151k&#8221;<\/span> b\u0151vebben<\/a><\/p>\n","protected":false},"author":1,"featured_media":0,"comment_status":"closed","ping_status":"closed","sticky":false,"template":"","format":"standard","meta":{"ngg_post_thumbnail":0,"_monsterinsights_skip_tracking":false,"_monsterinsights_sitenote_active":false,"_monsterinsights_sitenote_note":"","_monsterinsights_sitenote_category":0,"footnotes":""},"categories":[1],"tags":[],"_links":{"self":[{"href":"http:\/\/vmksz.hu\/wpnew\/wp-json\/wp\/v2\/posts\/1413"}],"collection":[{"href":"http:\/\/vmksz.hu\/wpnew\/wp-json\/wp\/v2\/posts"}],"about":[{"href":"http:\/\/vmksz.hu\/wpnew\/wp-json\/wp\/v2\/types\/post"}],"author":[{"embeddable":true,"href":"http:\/\/vmksz.hu\/wpnew\/wp-json\/wp\/v2\/users\/1"}],"replies":[{"embeddable":true,"href":"http:\/\/vmksz.hu\/wpnew\/wp-json\/wp\/v2\/comments?post=1413"}],"version-history":[{"count":1,"href":"http:\/\/vmksz.hu\/wpnew\/wp-json\/wp\/v2\/posts\/1413\/revisions"}],"predecessor-version":[{"id":1415,"href":"http:\/\/vmksz.hu\/wpnew\/wp-json\/wp\/v2\/posts\/1413\/revisions\/1415"}],"wp:attachment":[{"href":"http:\/\/vmksz.hu\/wpnew\/wp-json\/wp\/v2\/media?parent=1413"}],"wp:term":[{"taxonomy":"category","embeddable":true,"href":"http:\/\/vmksz.hu\/wpnew\/wp-json\/wp\/v2\/categories?post=1413"},{"taxonomy":"post_tag","embeddable":true,"href":"http:\/\/vmksz.hu\/wpnew\/wp-json\/wp\/v2\/tags?post=1413"}],"curies":[{"name":"wp","href":"https:\/\/api.w.org\/{rel}","templated":true}]}}