{"id":1427,"date":"2022-09-12T10:18:42","date_gmt":"2022-09-12T10:18:42","guid":{"rendered":"http:\/\/vmksz.hu\/wpnew\/?p=1427"},"modified":"2022-09-12T10:18:45","modified_gmt":"2022-09-12T10:18:45","slug":"sikeresen-levizsgaztak-a-veszpremiek","status":"publish","type":"post","link":"http:\/\/vmksz.hu\/wpnew\/2022\/09\/12\/sikeresen-levizsgaztak-a-veszpremiek\/","title":{"rendered":"Sikeresen levizsg\u00e1ztak a veszpr\u00e9miek"},"content":{"rendered":"\n<p>K\u00f6telez\u0151 tov\u00e1bbk\u00e9pz\u00e9sen vettek r\u00e9szt a Veszpr\u00e9m megyei versenyb\u00edr\u00f3k \u00e9s az NB II-es j\u00e1t\u00e9kvezet\u0151k.<\/p>\n\n\n\n<figure class=\"wp-block-image size-large\"><img loading=\"lazy\" decoding=\"async\" width=\"1024\" height=\"767\" src=\"http:\/\/vmksz.hu\/wpnew\/wp-content\/uploads\/2022\/09\/vb_vizsga-1024x767.jpg\" alt=\"\" class=\"wp-image-1428\" srcset=\"http:\/\/vmksz.hu\/wpnew\/wp-content\/uploads\/2022\/09\/vb_vizsga-1024x767.jpg 1024w, http:\/\/vmksz.hu\/wpnew\/wp-content\/uploads\/2022\/09\/vb_vizsga-300x225.jpg 300w, http:\/\/vmksz.hu\/wpnew\/wp-content\/uploads\/2022\/09\/vb_vizsga-768x575.jpg 768w, http:\/\/vmksz.hu\/wpnew\/wp-content\/uploads\/2022\/09\/vb_vizsga.jpg 1170w\" sizes=\"(max-width: 767px) 89vw, (max-width: 1000px) 54vw, (max-width: 1071px) 543px, 580px\" \/><\/figure>\n\n\n\n<p>A versenyb\u00edr\u00f3k sz\u00e1m\u00e1ra Veszpr\u00e9mben tartottak k\u00e9pz\u00e9st, ahol a Veszpr\u00e9m Megyei K\u00e9zilabda Sz\u00f6vets\u00e9get tizenkilenc f\u0151 k\u00e9pviselte. A k\u00f6telez\u0151 oktat\u00e1son egy\u00e9bk\u00e9nt az \u00e9szak-dun\u00e1nt\u00fali r\u00e9gi\u00f3 versenyb\u00edr\u00f3i vettek r\u00e9szt.<\/p>\n\n\n\n<p>A jelenl\u00e9v\u0151k meghallgathatt\u00e1k a veszpr\u00e9mi So\u00f3s Bal\u00e1zs, a Magyar K\u00e9zilabda Sz\u00f6vets\u00e9g nemzetk\u00f6zi igazgat\u00f3j\u00e1nak el\u0151ad\u00e1s\u00e1t az eur\u00f3pai trendekr\u0151l, a versenyb\u00edr\u00f3k elfogadott viselked\u00e9sform\u00e1ir\u00f3l \u00e9s a szakmai elv\u00e1r\u00e1sokr\u00f3l. Ezt k\u00f6vet\u0151en a versenyki\u00edr\u00e1sokr\u00f3l t\u00e1j\u00e9koz\u00f3dhattak a k\u00e9zilabda-m\u00e9rk\u0151z\u00e9sek asztalszem\u00e9lyzet\u00e9nek vezet\u0151 tiszts\u00e9gvisel\u0151i, majd a biztons\u00e1gtechnikai elv\u00e1r\u00e1sok ker\u00fcltek f\u00f3kuszba. Ezek ut\u00e1n z\u00e1r\u00f3vizsg\u00e1n adhattak sz\u00e1mot a megtanultakr\u00f3l \u00e9s a tud\u00e1sukr\u00f3l a b\u00edr\u00e1k. V\u00e9g\u00fcl a Veszpr\u00e9m megyeiek k\u00f6z\u00fcl mind a tizenkilencen sikeresen teljes\u00edtett\u00e9k a sz\u00e1monk\u00e9r\u00e9st.<\/p>\n\n\n\n<p>Szeksz\u00e1rdon tal\u00e1lkoztak a Dun\u00e1nt\u00falon foglalkoztatott NB II-es j\u00e1t\u00e9kvezet\u0151k, akiket az els\u0151 oszt\u00e1ly\u00fa ut\u00e1np\u00f3tl\u00e1s-bajnoks\u00e1gokban is alkalmaznak. A Veszpr\u00e9m megyei K\u00e9zilabda Sz\u00f6vets\u00e9g h\u00e9t p\u00e1rost deleg\u00e1lt az esem\u00e9nyre, \u00e1m a tizenn\u00e9gy f\u0151b\u0151l tizenh\u00e1rom s\u00edpmester tudott csak elutazni, egyik\u0151j\u00fck igazoltan t\u00e1vol maradt.<\/p>\n\n\n\n<p>A tov\u00e1bbk\u00e9pz\u00e9s egyik leghangs\u00falyosabb r\u00e9sz\u00e9t k\u00e9pezte az \u00faj szab\u00e1lyok ismertet\u00e9se. A sporik minden egyes m\u00f3dos\u00edt\u00e1st lepontos\u00edtottak, kives\u00e9ztek, \u00e9rtelmeztek. Ez az\u00e9rt is volt fontos, mert a j\u00e1t\u00e9kvezet\u0151knek az ut\u00e1np\u00f3tl\u00e1s-bajnoks\u00e1gokban is helyt kell \u00e1llniuk \u00e9s ott az NB I-es feln\u0151tt b\u00edr\u00e1kkal k\u00f6z\u00f6sen egys\u00e9ges elv\u00e1r\u00e1st, k\u00f6vetelm\u00e9nyeket kell kialak\u00edtaniuk \u00e9s olyan stabil h\u00e1tteret kell biztos\u00edtaniuk, amely a fiatalok sz\u00e1m\u00e1ra is egy\u00e9rtelm\u0171, k\u00f6vethet\u0151.<\/p>\n\n\n\n<p>Az NB II-es keretben szerepl\u0151 j\u00e1t\u00e9kvezet\u0151k sz\u00e1m\u00e1ra is k\u00f6telez\u0151 a Cooper-teszt, ak\u00e1rcsak az \u00e9lvonalbeli koll\u00e9g\u00e1iknak, de 100 m\u00e9terrel lejjebb h\u00fazt\u00e1k meg a teljes\u00edtend\u0151 hat\u00e1rsz\u00e1mot, mint az els\u0151 oszt\u00e1lyban.<\/p>\n\n\n\n<p>A napot elm\u00e9leti \u00e9s vide\u00f3teszt z\u00e1rta, ahol valamennyi Veszpr\u00e9m megyei s\u00edpmester kiv\u00e1l\u00f3an teljes\u00edtett, \u00edgy a 2022\/23-as \u00e9vadban tov\u00e1bbra is tev\u00e9kenykedhet.<\/p>\n","protected":false},"excerpt":{"rendered":"<p>K\u00f6telez\u0151 tov\u00e1bbk\u00e9pz\u00e9sen vettek r\u00e9szt a Veszpr\u00e9m megyei versenyb\u00edr\u00f3k \u00e9s az NB II-es j\u00e1t\u00e9kvezet\u0151k. A versenyb\u00edr\u00f3k sz\u00e1m\u00e1ra Veszpr\u00e9mben tartottak k\u00e9pz\u00e9st, ahol a Veszpr\u00e9m Megyei K\u00e9zilabda Sz\u00f6vets\u00e9get tizenkilenc f\u0151 k\u00e9pviselte. A k\u00f6telez\u0151 oktat\u00e1son egy\u00e9bk\u00e9nt az \u00e9szak-dun\u00e1nt\u00fali r\u00e9gi\u00f3 versenyb\u00edr\u00f3i vettek r\u00e9szt. A jelenl\u00e9v\u0151k meghallgathatt\u00e1k a veszpr\u00e9mi So\u00f3s Bal\u00e1zs, a Magyar K\u00e9zilabda Sz\u00f6vets\u00e9g nemzetk\u00f6zi igazgat\u00f3j\u00e1nak el\u0151ad\u00e1s\u00e1t az eur\u00f3pai trendekr\u0151l, &hellip; <\/p>\n<p class=\"link-more\"><a href=\"http:\/\/vmksz.hu\/wpnew\/2022\/09\/12\/sikeresen-levizsgaztak-a-veszpremiek\/\" class=\"more-link\"><span class=\"screen-reader-text\">&#8222;Sikeresen levizsg\u00e1ztak a veszpr\u00e9miek&#8221;<\/span> b\u0151vebben<\/a><\/p>\n","protected":false},"author":1,"featured_media":0,"comment_status":"closed","ping_status":"closed","sticky":false,"template":"","format":"standard","meta":{"ngg_post_thumbnail":0,"_monsterinsights_skip_tracking":false,"_monsterinsights_sitenote_active":false,"_monsterinsights_sitenote_note":"","_monsterinsights_sitenote_category":0,"footnotes":""},"categories":[1],"tags":[],"_links":{"self":[{"href":"http:\/\/vmksz.hu\/wpnew\/wp-json\/wp\/v2\/posts\/1427"}],"collection":[{"href":"http:\/\/vmksz.hu\/wpnew\/wp-json\/wp\/v2\/posts"}],"about":[{"href":"http:\/\/vmksz.hu\/wpnew\/wp-json\/wp\/v2\/types\/post"}],"author":[{"embeddable":true,"href":"http:\/\/vmksz.hu\/wpnew\/wp-json\/wp\/v2\/users\/1"}],"replies":[{"embeddable":true,"href":"http:\/\/vmksz.hu\/wpnew\/wp-json\/wp\/v2\/comments?post=1427"}],"version-history":[{"count":1,"href":"http:\/\/vmksz.hu\/wpnew\/wp-json\/wp\/v2\/posts\/1427\/revisions"}],"predecessor-version":[{"id":1429,"href":"http:\/\/vmksz.hu\/wpnew\/wp-json\/wp\/v2\/posts\/1427\/revisions\/1429"}],"wp:attachment":[{"href":"http:\/\/vmksz.hu\/wpnew\/wp-json\/wp\/v2\/media?parent=1427"}],"wp:term":[{"taxonomy":"category","embeddable":true,"href":"http:\/\/vmksz.hu\/wpnew\/wp-json\/wp\/v2\/categories?post=1427"},{"taxonomy":"post_tag","embeddable":true,"href":"http:\/\/vmksz.hu\/wpnew\/wp-json\/wp\/v2\/tags?post=1427"}],"curies":[{"name":"wp","href":"https:\/\/api.w.org\/{rel}","templated":true}]}}