{"id":1443,"date":"2022-09-28T16:42:05","date_gmt":"2022-09-28T16:42:05","guid":{"rendered":"http:\/\/vmksz.hu\/wpnew\/?p=1443"},"modified":"2022-09-28T16:42:07","modified_gmt":"2022-09-28T16:42:07","slug":"a-bajnoki-cim-a-cel","status":"publish","type":"post","link":"http:\/\/vmksz.hu\/wpnew\/2022\/09\/28\/a-bajnoki-cim-a-cel\/","title":{"rendered":"A bajnoki c\u00edm a c\u00e9l"},"content":{"rendered":"\n<p>Az el\u0151z\u0151 bajnoki id\u00e9nyben a bronz\u00e9rmet szerezte meg az \u0150si Andreotti SE g\u00e1rd\u00e1ja a Veszpr\u00e9m-Zala megyei f\u00e9rfi pontvad\u00e1szatban, azonban a 2022\/23-as \u00e9vadban m\u00e1r ennyivel nem el\u00e9gedne meg az egy\u00fcttes, ugyanis a legf\u00e9nyesebb med\u00e1li\u00e1\u00e9rt indul csat\u00e1ba a hamarosan kezd\u0151d\u0151 sorozatban.<\/p>\n\n\n\n<p>Ign\u00e1cz Kriszti\u00e1n, az \u0150si Andreotti SE vezet\u0151edz\u0151je elmondta, a keretet siker\u00fclt egy\u00fctt tartani, mind\u00f6ssze az eddig kett\u0151s j\u00e1t\u00e9kenged\u00e9llyel szerepl\u0151 Dobos M\u00e1t\u00e9 t\u00e1voz\u00e1s\u00e1t tudta bejelenteni, aki fix tagja lett az NB II-es V\u00e1rpalotai B\u00e1ny\u00e1sz SK csapat\u00e1nak, \u00edgy r\u00f3la le kellett mondani. Az \u00e9rkez\u0151k list\u00e1j\u00e1n is mind\u00f6ssze egyetlen n\u00e9v szerepel: Honyecz G\u00e1bor bajnoki c\u00edmet szerzett a Nemesv\u00e1mos egy\u00fcttes\u00e9vel, s m\u00e1sodik helyen v\u00e9gzett a g\u00f3ll\u00f6v\u0151list\u00e1n 140 tal\u00e1lattal, amelyet 14 m\u00e9rk\u0151z\u00e9sen \u00e9rt el. <\/p>\n\n\n\n<figure class=\"wp-block-image size-full is-resized\"><img loading=\"lazy\" decoding=\"async\" src=\"http:\/\/vmksz.hu\/wpnew\/wp-content\/uploads\/2022\/09\/7C9FF49B-13F4-4EFE-B415-A679EE3D0D2A.jpeg\" alt=\"\" class=\"wp-image-1444\" width=\"596\" height=\"447\" srcset=\"http:\/\/vmksz.hu\/wpnew\/wp-content\/uploads\/2022\/09\/7C9FF49B-13F4-4EFE-B415-A679EE3D0D2A.jpeg 828w, http:\/\/vmksz.hu\/wpnew\/wp-content\/uploads\/2022\/09\/7C9FF49B-13F4-4EFE-B415-A679EE3D0D2A-300x225.jpeg 300w, http:\/\/vmksz.hu\/wpnew\/wp-content\/uploads\/2022\/09\/7C9FF49B-13F4-4EFE-B415-A679EE3D0D2A-768x576.jpeg 768w\" sizes=\"(max-width: 596px) 100vw, 596px\" \/><\/figure>\n\n\n\n<p>&#8211; <em>M\u00e1sodik \u00e9ve dolgozunk egy\u00fctt a fi\u00fakkal. Az, hogy siker\u00fclt gyakorlatilag a csapat eg\u00e9sz\u00e9t egyben tartani, \u00f6nmag\u00e1ban nagy siker. Honyecz G\u00e1bor \u00e9rkez\u00e9se pedig tov\u00e1bbi er\u0151s\u00edt\u00e9st jelent. \u00d6sszess\u00e9g\u00e9ben kiv\u00e1l\u00f3 a csapategys\u00e9g, nagyon j\u00f3 a hangulat, a t\u00e1rsas\u00e1g minden szempontb\u00f3l felk\u00e9sz\u00fclt a bajnoks\u00e1gra <\/em>\u2013 \u00f6sszegzett a tr\u00e9ner.<\/p>\n\n\n\n<p>Ign\u00e1cz Kriszti\u00e1n sajn\u00e1lat\u00e1t fejezte ki, hogy Veszpr\u00e9m megy\u00e9b\u0151l az \u0150sin \u00e9s a Tapolc\u00e1n k\u00edv\u00fcl nem indul m\u00e1s g\u00e1rda. B\u00edzott benne, hogy a c\u00edmv\u00e9d\u0151 Nemesv\u00e1mos, vagy a P\u00e1pa \u00fajra nevezni fog. V\u00e9g\u00fcl ez nem t\u00f6rt\u00e9nt meg, \u00edgy mind\u00f6ssze hat egyes\u00fclet vesz r\u00e9szt a pontvad\u00e1szatban, \u00edgy \u00e1t kellett alak\u00edtani az eddig megszokott menetrendet, hogy megfelel\u0151 sz\u00e1m\u00fa \u00e9s n\u00edv\u00f3j\u00fa tal\u00e1lkoz\u00f3t tudjon j\u00e1tszani minden r\u00e9sztvev\u0151.<\/p>\n\n\n\n<p>&#8211; <em>J\u00falius 5-\u00e9n m\u00e1r munk\u00e1ba \u00e1lltunk. Az els\u0151 h\u00f3napban strandon, homokban edzett\u00fcnk, amely remek alapot adott a sr\u00e1coknak. Augusztusban a termi gyakorl\u00e1sok mellett heti egy egy\u00e9ni fut\u00f3edz\u00e9st is beiktattunk. \u00dagy v\u00e9lem, alaposan felk\u00e9sz\u00fclt\u00fcnk, izgatottan v\u00e1rjuk a rajtot<\/em> \u2013 emelte ki a tr\u00e9ner.<\/p>\n\n\n\n<p>A szakvezet\u0151 megjegyezte, tavaly, hossz\u00fa id\u0151 ut\u00e1n siker\u00fclt \u00e9rmet nyerni\u00fck, most nem el\u00e9gedn\u00e9nek meg ennyivel, a bajnoki c\u00edmig meg sem \u00e1lln\u00e1nak. <\/p>\n\n\n\n<p>&#8211; J\u00f3 meccsekre sz\u00e1m\u00edtok a Simontorny\u00e1val \u00e9s az Egerszeggel is. Felk\u00e9sz\u00fclt\u00fcnk minden kih\u00edv\u00e1sra \u00e9s rem\u00e9lem, minden \u00fagy alakul majd, ahogy azt eltervezt\u00fck. A bajnoki c\u00edm a c\u00e9lunk. Nem lehet m\u00e1s \u2013 z\u00e1rta a besz\u00e9lget\u00e9st. <\/p>\n","protected":false},"excerpt":{"rendered":"<p>Az el\u0151z\u0151 bajnoki id\u00e9nyben a bronz\u00e9rmet szerezte meg az \u0150si Andreotti SE g\u00e1rd\u00e1ja a Veszpr\u00e9m-Zala megyei f\u00e9rfi pontvad\u00e1szatban, azonban a 2022\/23-as \u00e9vadban m\u00e1r ennyivel nem el\u00e9gedne meg az egy\u00fcttes, ugyanis a legf\u00e9nyesebb med\u00e1li\u00e1\u00e9rt indul csat\u00e1ba a hamarosan kezd\u0151d\u0151 sorozatban. Ign\u00e1cz Kriszti\u00e1n, az \u0150si Andreotti SE vezet\u0151edz\u0151je elmondta, a keretet siker\u00fclt egy\u00fctt tartani, mind\u00f6ssze az eddig &hellip; <\/p>\n<p class=\"link-more\"><a href=\"http:\/\/vmksz.hu\/wpnew\/2022\/09\/28\/a-bajnoki-cim-a-cel\/\" class=\"more-link\"><span class=\"screen-reader-text\">&#8222;A bajnoki c\u00edm a c\u00e9l&#8221;<\/span> b\u0151vebben<\/a><\/p>\n","protected":false},"author":1,"featured_media":0,"comment_status":"closed","ping_status":"closed","sticky":false,"template":"","format":"standard","meta":{"ngg_post_thumbnail":0,"_monsterinsights_skip_tracking":false,"_monsterinsights_sitenote_active":false,"_monsterinsights_sitenote_note":"","_monsterinsights_sitenote_category":0,"footnotes":""},"categories":[1],"tags":[],"_links":{"self":[{"href":"http:\/\/vmksz.hu\/wpnew\/wp-json\/wp\/v2\/posts\/1443"}],"collection":[{"href":"http:\/\/vmksz.hu\/wpnew\/wp-json\/wp\/v2\/posts"}],"about":[{"href":"http:\/\/vmksz.hu\/wpnew\/wp-json\/wp\/v2\/types\/post"}],"author":[{"embeddable":true,"href":"http:\/\/vmksz.hu\/wpnew\/wp-json\/wp\/v2\/users\/1"}],"replies":[{"embeddable":true,"href":"http:\/\/vmksz.hu\/wpnew\/wp-json\/wp\/v2\/comments?post=1443"}],"version-history":[{"count":1,"href":"http:\/\/vmksz.hu\/wpnew\/wp-json\/wp\/v2\/posts\/1443\/revisions"}],"predecessor-version":[{"id":1445,"href":"http:\/\/vmksz.hu\/wpnew\/wp-json\/wp\/v2\/posts\/1443\/revisions\/1445"}],"wp:attachment":[{"href":"http:\/\/vmksz.hu\/wpnew\/wp-json\/wp\/v2\/media?parent=1443"}],"wp:term":[{"taxonomy":"category","embeddable":true,"href":"http:\/\/vmksz.hu\/wpnew\/wp-json\/wp\/v2\/categories?post=1443"},{"taxonomy":"post_tag","embeddable":true,"href":"http:\/\/vmksz.hu\/wpnew\/wp-json\/wp\/v2\/tags?post=1443"}],"curies":[{"name":"wp","href":"https:\/\/api.w.org\/{rel}","templated":true}]}}