{"id":1446,"date":"2022-09-30T11:33:17","date_gmt":"2022-09-30T11:33:17","guid":{"rendered":"http:\/\/vmksz.hu\/wpnew\/?p=1446"},"modified":"2022-09-30T11:33:20","modified_gmt":"2022-09-30T11:33:20","slug":"elrajtolt-a-bajnoksag","status":"publish","type":"post","link":"http:\/\/vmksz.hu\/wpnew\/2022\/09\/30\/elrajtolt-a-bajnoksag\/","title":{"rendered":"Elrajtolt a bajnoks\u00e1g"},"content":{"rendered":"\n<p>Pap\u00edrforma eredm\u00e9nyekkel megkezd\u0151d\u00f6tt a 2022\/23-as megyei k\u00e9zilabda-bajnoks\u00e1g.<\/p>\n\n\n\n<p>A f\u00e9rfiakn\u00e1l Veszpr\u00e9m, Zala \u00e9s Vas megyei g\u00e1rd\u00e1k neveztek a pontvad\u00e1szatba, v\u00e9g\u00fcl Veszpr\u00e9m megye \u00e9gisze alatt kezd\u0151d\u00f6tt meg a harc a min\u00e9l jobb helyez\u00e9sek\u00e9rt.<\/p>\n\n\n\n<p>Az Egerszegi KK komoly er\u0151demonstr\u00e1ci\u00f3t tartott, m\u00e1r az els\u0151 f\u00e9lid\u0151ben tetemes el\u0151nyre tett szert, 21-7-re vezetett a Tapolca ellen. Sajnos a Veszpr\u00e9m megyei g\u00e1rda a m\u00e1sodik j\u00e1t\u00e9kr\u00e9szben sem tudta megk\u00f6zel\u00edteni ellenfel\u00e9t \u00e9s v\u00e9g\u00fcl 38-22-es veres\u00e9get szenvedett. A hazaiakn\u00e1l G\u00f3th Ferenc, Ugranyecz Mikl\u00f3s \u00e9s Mikl\u00f3s G\u00e1bor is egyar\u00e1nt \u00f6t g\u00f3lt szerzett, a vend\u00e9gekn\u00e9l Nagy Gy\u00f6rgy 13 tal\u00e1lattal vette ki r\u00e9sz\u00e9t csapata teljes\u00edtm\u00e9ny\u00e9b\u0151l.<\/p>\n\n\n\n<p>Az \u0150si Andreotti SE a keszthelyi Georgikon ellen kezdte a bajnoks\u00e1got. A h\u00e1zigazda kiss\u00e9 megillet\u0151d\u00f6tten kezdett, ezt jelzi az is, hogy a f\u00e9lid\u0151 v\u00e9g\u00e9n 12-12 \u00e1llt a kijelz\u0151n. Sz\u00fcnet ut\u00e1n siker\u00fclt ritmust v\u00e1ltania az \u0150si egy\u00fcttes\u00e9nek, \u00e9s v\u00e9g\u00fcl 29-22-es gy\u0151zelmet szerzett. Honyecz G\u00e1bor t\u00edz g\u00f3lj\u00e1val az \u0150si legeredm\u00e9nyesebbje volt, de Pavelka Zsolt is kilencet v\u00e1gott. A t\u00f3partiakn\u00e1l Szente Szabolcs nyolc g\u00f3lig jutott.<\/p>\n\n\n\n<p>A Simontornya alaposan megszenvedett a k\u00e9t pont\u00e9rt. A LUKE csapata harcosan, nagy el\u00e1nnal kezdett \u00e9s meg\u00e9rdemelten jutott k\u00e9tg\u00f3los el\u0151nyh\u00f6z (12-14). Sz\u00fcnet ut\u00e1n a hazaiak nagyobb sebess\u00e9gi fokozatra kapcsoltak \u00e9s el\u0151bb kiegyenl\u00edtettek, majd a vezet\u00e9st is \u00e1tvett\u00e9k. A k\u00e9t pontot 26-20-as gy\u0151zelemmel gy\u0171jt\u00f6tte be a Simontornya. Szab\u00f3 Bence h\u00e9tszer mattolta az ellenf\u00e9l kapus\u00e1t, ahogy a LUKE-t\u00f3l Kiss Gergely is h\u00e9tszer tal\u00e1lt be.<\/p>\n\n\n\n<p>A n\u0151i bajnoks\u00e1gban Zala megye neve alatt rendezik meg a pontvad\u00e1szatot. Veszpr\u00e9m, Zala, Vas \u00e9s Fej\u00e9r megy\u00e9b\u0151l nevezett a tizenegy alakulat. A mez\u0151nyben h\u00e1rom megy\u00e9nkbeli csapat\u00e9rt szurkolhatunk: a Start SE Hajm\u00e1sk\u00e9r\u00e9rt, az \u00dark\u00fat\u00e9rt \u00e9s a Tapolc\u00e1\u00e9rt.<\/p>\n\n\n\n<p>A c\u00edmv\u00e9d\u0151 K\u00f6rmend nem v\u00e1rt neh\u00e9zs\u00e9gekbe \u00fctk\u00f6z\u00f6tt Vasv\u00e1ron. Szoros els\u0151 j\u00e1t\u00e9kr\u00e9sz ut\u00e1n (15-16) a m\u00e1sodikban sem hagyta mag\u00e1t leszak\u00edtani a hazai egy\u00fcttes. V\u00e9g\u00fcl rendk\u00edv\u00fcl ki\u00e9lezett csat\u00e1ban a vend\u00e9gek 31-29-re gy\u0151z\u00f6tt. A vasv\u00e1riakn\u00e1l B\u0151sze Bogl\u00e1rka t\u00edz tal\u00e1latot jegyzett, a t\u00faloldalon Kisk\u00f3s Kitti kilenc g\u00f3lt l\u0151tt.<\/p>\n\n\n\n<p>Nem jutott pont az Egerszegi KK otthon\u00e1ban az \u00dark\u00fatnak. Pedig j\u00f3l indult a tal\u00e1lkoz\u00f3, G\u00e1tv\u00f6lgyi Bal\u00e1zs tan\u00edtv\u00e1nyai harminc perc ut\u00e1n 16-15-re vezettek. Sz\u00fcnet ut\u00e1n azonban elfogyott a szufla, lend\u00fcletbe j\u00f6ttek a hazaiak \u00e9s v\u00e9g\u00fcl biztos sikernek \u00f6r\u00fclhettek a lef\u00faj\u00e1s ut\u00e1n (31-24). A legjobb g\u00f3lszerz\u0151 a zalaiakn\u00e1l Gotth\u00e1rd Klaudia volt t\u00edz tal\u00e1lattal, a m\u00e1sik oldalon Ilowski Liza hatszor vette be a riv\u00e1lis kapuj\u00e1t.<\/p>\n\n\n\n<p>Remek csat\u00e1t hozott a Zalaszentgr\u00f3t \u00e9s a P\u00e1terdomb \u00fctk\u00f6zete. Az els\u0151 etapban m\u00e9g a h\u00e1zigazd\u00e1kn\u00e1l volt az el\u0151ny (18-15), \u00e1m a t\u00e9rf\u00e9lcsere ut\u00e1n m\u00e1r a P\u00e1terdomb akarata \u00e9rv\u00e9nyes\u00fclt. A vend\u00e9gek 33-31-es gy\u0151zelemmel rajtoltak \u00edgy. L\u00e1szl\u00f3 Evelin kilenc tal\u00e1latot \u00e9rt el, a vend\u00e9gekn\u00e9l G\u00e1sp\u00e1r Klaudia tizenk\u00e9t g\u00f3llal jelentkezett be a g\u00f3lkir\u00e1lyi c\u00edm\u00e9rt.<\/p>\n\n\n\n<p>Csak egy f\u00e9lid\u0151n \u00e1t tudta megszorongatni a G\u00f3na SZKKE egy\u00fcttes\u00e9t a Tapolca. Az els\u0151 r\u00e9szben 11-9 \u00e1llt a jelz\u0151n, azt\u00e1n a G\u00f3na egyre jobban elh\u00fazott \u00e9s 31-25-re nyert. M\u00e1rcius Bogl\u00e1rka tizenh\u00e1rom g\u00f3lja dics\u00e9retes teljes\u00edtm\u00e9ny, a Tapolca soraib\u00f3l Berecz Nikolett hat g\u00f3lt l\u0151tt.\u00a0<\/p>\n","protected":false},"excerpt":{"rendered":"<p>Pap\u00edrforma eredm\u00e9nyekkel megkezd\u0151d\u00f6tt a 2022\/23-as megyei k\u00e9zilabda-bajnoks\u00e1g. A f\u00e9rfiakn\u00e1l Veszpr\u00e9m, Zala \u00e9s Vas megyei g\u00e1rd\u00e1k neveztek a pontvad\u00e1szatba, v\u00e9g\u00fcl Veszpr\u00e9m megye \u00e9gisze alatt kezd\u0151d\u00f6tt meg a harc a min\u00e9l jobb helyez\u00e9sek\u00e9rt. Az Egerszegi KK komoly er\u0151demonstr\u00e1ci\u00f3t tartott, m\u00e1r az els\u0151 f\u00e9lid\u0151ben tetemes el\u0151nyre tett szert, 21-7-re vezetett a Tapolca ellen. Sajnos a Veszpr\u00e9m megyei g\u00e1rda &hellip; <\/p>\n<p class=\"link-more\"><a href=\"http:\/\/vmksz.hu\/wpnew\/2022\/09\/30\/elrajtolt-a-bajnoksag\/\" class=\"more-link\"><span class=\"screen-reader-text\">&#8222;Elrajtolt a bajnoks\u00e1g&#8221;<\/span> b\u0151vebben<\/a><\/p>\n","protected":false},"author":1,"featured_media":0,"comment_status":"closed","ping_status":"closed","sticky":false,"template":"","format":"standard","meta":{"ngg_post_thumbnail":0,"_monsterinsights_skip_tracking":false,"_monsterinsights_sitenote_active":false,"_monsterinsights_sitenote_note":"","_monsterinsights_sitenote_category":0,"footnotes":""},"categories":[1],"tags":[],"_links":{"self":[{"href":"http:\/\/vmksz.hu\/wpnew\/wp-json\/wp\/v2\/posts\/1446"}],"collection":[{"href":"http:\/\/vmksz.hu\/wpnew\/wp-json\/wp\/v2\/posts"}],"about":[{"href":"http:\/\/vmksz.hu\/wpnew\/wp-json\/wp\/v2\/types\/post"}],"author":[{"embeddable":true,"href":"http:\/\/vmksz.hu\/wpnew\/wp-json\/wp\/v2\/users\/1"}],"replies":[{"embeddable":true,"href":"http:\/\/vmksz.hu\/wpnew\/wp-json\/wp\/v2\/comments?post=1446"}],"version-history":[{"count":1,"href":"http:\/\/vmksz.hu\/wpnew\/wp-json\/wp\/v2\/posts\/1446\/revisions"}],"predecessor-version":[{"id":1447,"href":"http:\/\/vmksz.hu\/wpnew\/wp-json\/wp\/v2\/posts\/1446\/revisions\/1447"}],"wp:attachment":[{"href":"http:\/\/vmksz.hu\/wpnew\/wp-json\/wp\/v2\/media?parent=1446"}],"wp:term":[{"taxonomy":"category","embeddable":true,"href":"http:\/\/vmksz.hu\/wpnew\/wp-json\/wp\/v2\/categories?post=1446"},{"taxonomy":"post_tag","embeddable":true,"href":"http:\/\/vmksz.hu\/wpnew\/wp-json\/wp\/v2\/tags?post=1446"}],"curies":[{"name":"wp","href":"https:\/\/api.w.org\/{rel}","templated":true}]}}