{"id":1453,"date":"2022-10-06T07:27:01","date_gmt":"2022-10-06T07:27:01","guid":{"rendered":"http:\/\/vmksz.hu\/wpnew\/?p=1453"},"modified":"2022-10-06T07:27:04","modified_gmt":"2022-10-06T07:27:04","slug":"tortenelmi-pillanatok","status":"publish","type":"post","link":"http:\/\/vmksz.hu\/wpnew\/2022\/10\/06\/tortenelmi-pillanatok\/","title":{"rendered":"T\u00f6rt\u00e9nelmi pillanatok"},"content":{"rendered":"\n<p>A 2022\/23-as k\u00e9zilabd\u00e1s id\u00e9ny m\u00e9g el sem kezd\u0151d\u00f6tt, de a Veszpr\u00e9m megyei csapatok m\u00e1r most t\u00f6rt\u00e9nelmet \u00edrtak. Kor\u00e1bban ugyanis m\u00e9g sosem fordult el\u0151, hogy h\u00e1rom megyei egy\u00fcttes szerepeljen a nemzetk\u00f6zi kup\u00e1kban.<\/p>\n\n\n<div class=\"wp-block-image\">\n<figure class=\"aligncenter size-large\"><img loading=\"lazy\" decoding=\"async\" width=\"819\" height=\"1024\" src=\"http:\/\/vmksz.hu\/wpnew\/wp-content\/uploads\/2022\/10\/311144868_2769764883155703_6466159675325103430_n-819x1024.jpg\" alt=\"\" class=\"wp-image-1454\" srcset=\"http:\/\/vmksz.hu\/wpnew\/wp-content\/uploads\/2022\/10\/311144868_2769764883155703_6466159675325103430_n-819x1024.jpg 819w, http:\/\/vmksz.hu\/wpnew\/wp-content\/uploads\/2022\/10\/311144868_2769764883155703_6466159675325103430_n-240x300.jpg 240w, http:\/\/vmksz.hu\/wpnew\/wp-content\/uploads\/2022\/10\/311144868_2769764883155703_6466159675325103430_n-768x960.jpg 768w, http:\/\/vmksz.hu\/wpnew\/wp-content\/uploads\/2022\/10\/311144868_2769764883155703_6466159675325103430_n.jpg 1080w\" sizes=\"(max-width: 767px) 89vw, (max-width: 1000px) 54vw, (max-width: 1071px) 543px, 580px\" \/><figcaption><em>Fot\u00f3: M4 Sport Facebook oldala<\/em><\/figcaption><\/figure><\/div>\n\n\n<p>A Telekom Veszpr\u00e9m m\u00e1r \u00e9vtizedek \u00f3ta stabil r\u00e9sztvev\u0151je a f\u00e9rfi k\u00e9zilabda Bajnokok Lig\u00e1j\u00e1nak. R\u00e1ad\u00e1sul m\u00e1r h\u00e9tszer jutott be a kir\u00e1lykateg\u00f3ria n\u00e9gyes d\u00f6nt\u0151j\u00e9be, a k\u00f6lni Final Fourba. Most is hasonl\u00f3 c\u00e9lokat fogalmaztak meg a bakonyi egy\u00fcttesn\u00e9l, s Momir Ilics tan\u00edtv\u00e1nyainak eddigi produkci\u00f3j\u00e1t eln\u00e9zve erre minden es\u00e9ly\u00fck meg is van, hiszen makul\u00e1tlan m\u00e9rleggel \u00e1llnak a BL-ben.<\/p>\n\n\n\n<p>A Balatonf\u00fcredi KSE az el\u0151z\u0151 szezonban bronz\u00e9rmet szerzett a bajnoks\u00e1gban, ennek k\u00f6sz\u00f6nhet\u0151en pedig az Eur\u00f3pa Lig\u00e1ban szerepelhet. Az Eur\u00f3pai K\u00e9zilabda Sz\u00f6vets\u00e9g (EHF) rangsorol\u00e1sa alapj\u00e1n egyb\u0151l a csoportk\u00f6rben kezdhetik meg a szerepl\u00e9st Gy\u00f6rgy L\u00e1szl\u00f3 tan\u00edtv\u00e1nyai. A t\u00f3partiak az izlandi Valurral, a szlov\u00e1k Tatran Presovval, valamint az ukr\u00e1n HC Motorral a h\u00e1rmas kalapb\u00f3l v\u00e1rj\u00e1k a sorsol\u00e1st.<\/p>\n\n\n\n<p>Nemcsak megyei, hanem klubt\u00f6rt\u00e9nelmet \u00edrt kedden a kis Veszpr\u00e9m: a Fej\u00e9r-B.\u00c1.L. Veszpr\u00e9m alakulata ugyan n\u00e9gyg\u00f3los h\u00e1tr\u00e1nyt szedett \u00f6ssze a francia Chambery otthon\u00e1ban a csoportk\u00f6rbe jut\u00e1s\u00e9rt v\u00edvott selejtez\u0151n, \u00e1m ezt hazai p\u00e1ly\u00e1n, fantasztikus akarattal, elsz\u00e1nts\u00e1ggal k\u00fczdve, siker\u00fclt ledolgozni. A 31-25-\u00f6s gy\u0151zelem azt jelenti, Konkoly Csaba alakulata a hatos sz\u00e1m\u00fa kalapb\u00f3l v\u00e1rja a sorsol\u00e1st, az osztr\u00e1k Alpla HC Hard, a kor\u00e1bbi veszpr\u00e9mi klasszis, P\u00e1sztor Istv\u00e1n vezette Ferencv\u00e1ros, valamint a portug\u00e1l Aguas Santas Milanez\u00e1val egyetemben.<\/p>\n\n\n\n<p>Sz\u00edvb\u0151l gratul\u00e1lunk a Fej\u00e9r-B.\u00c1.L. Veszpr\u00e9m egy\u00fcttes\u00e9nek!<\/p>\n\n\n\n<p>Tov\u00e1bbi sok sikert k\u00edv\u00e1nunk mindh\u00e1rom megyei csapatunknak!<\/p>\n","protected":false},"excerpt":{"rendered":"<p>A 2022\/23-as k\u00e9zilabd\u00e1s id\u00e9ny m\u00e9g el sem kezd\u0151d\u00f6tt, de a Veszpr\u00e9m megyei csapatok m\u00e1r most t\u00f6rt\u00e9nelmet \u00edrtak. Kor\u00e1bban ugyanis m\u00e9g sosem fordult el\u0151, hogy h\u00e1rom megyei egy\u00fcttes szerepeljen a nemzetk\u00f6zi kup\u00e1kban. A Telekom Veszpr\u00e9m m\u00e1r \u00e9vtizedek \u00f3ta stabil r\u00e9sztvev\u0151je a f\u00e9rfi k\u00e9zilabda Bajnokok Lig\u00e1j\u00e1nak. R\u00e1ad\u00e1sul m\u00e1r h\u00e9tszer jutott be a kir\u00e1lykateg\u00f3ria n\u00e9gyes d\u00f6nt\u0151j\u00e9be, a k\u00f6lni &hellip; <\/p>\n<p class=\"link-more\"><a href=\"http:\/\/vmksz.hu\/wpnew\/2022\/10\/06\/tortenelmi-pillanatok\/\" class=\"more-link\"><span class=\"screen-reader-text\">&#8222;T\u00f6rt\u00e9nelmi pillanatok&#8221;<\/span> b\u0151vebben<\/a><\/p>\n","protected":false},"author":1,"featured_media":0,"comment_status":"closed","ping_status":"closed","sticky":false,"template":"","format":"standard","meta":{"ngg_post_thumbnail":0,"_monsterinsights_skip_tracking":false,"_monsterinsights_sitenote_active":false,"_monsterinsights_sitenote_note":"","_monsterinsights_sitenote_category":0,"footnotes":""},"categories":[1],"tags":[],"_links":{"self":[{"href":"http:\/\/vmksz.hu\/wpnew\/wp-json\/wp\/v2\/posts\/1453"}],"collection":[{"href":"http:\/\/vmksz.hu\/wpnew\/wp-json\/wp\/v2\/posts"}],"about":[{"href":"http:\/\/vmksz.hu\/wpnew\/wp-json\/wp\/v2\/types\/post"}],"author":[{"embeddable":true,"href":"http:\/\/vmksz.hu\/wpnew\/wp-json\/wp\/v2\/users\/1"}],"replies":[{"embeddable":true,"href":"http:\/\/vmksz.hu\/wpnew\/wp-json\/wp\/v2\/comments?post=1453"}],"version-history":[{"count":1,"href":"http:\/\/vmksz.hu\/wpnew\/wp-json\/wp\/v2\/posts\/1453\/revisions"}],"predecessor-version":[{"id":1455,"href":"http:\/\/vmksz.hu\/wpnew\/wp-json\/wp\/v2\/posts\/1453\/revisions\/1455"}],"wp:attachment":[{"href":"http:\/\/vmksz.hu\/wpnew\/wp-json\/wp\/v2\/media?parent=1453"}],"wp:term":[{"taxonomy":"category","embeddable":true,"href":"http:\/\/vmksz.hu\/wpnew\/wp-json\/wp\/v2\/categories?post=1453"},{"taxonomy":"post_tag","embeddable":true,"href":"http:\/\/vmksz.hu\/wpnew\/wp-json\/wp\/v2\/tags?post=1453"}],"curies":[{"name":"wp","href":"https:\/\/api.w.org\/{rel}","templated":true}]}}