{"id":1503,"date":"2023-02-09T07:44:12","date_gmt":"2023-02-09T07:44:12","guid":{"rendered":"http:\/\/vmksz.hu\/wpnew\/?p=1503"},"modified":"2023-02-09T07:44:16","modified_gmt":"2023-02-09T07:44:16","slug":"kulondij-es-ezusterem","status":"publish","type":"post","link":"http:\/\/vmksz.hu\/wpnew\/2023\/02\/09\/kulondij-es-ezusterem\/","title":{"rendered":"K\u00fcl\u00f6nd\u00edj \u00e9s ez\u00fcst\u00e9rem"},"content":{"rendered":"\n<p>M\u00e1sodik helyez\u00e9st szerzett a veszpr\u00e9mi Noszlopy G\u00e1sp\u00e1r Gimn\u00e1zium \u00e9s Technikum az V-VI. korcsoportos orsz\u00e1gos fi\u00fa k\u00e9zilabda di\u00e1kolimpiai d\u00f6nt\u0151n.<\/p>\n\n\n\n<figure class=\"wp-block-image size-large\"><img loading=\"lazy\" decoding=\"async\" width=\"1024\" height=\"728\" src=\"http:\/\/vmksz.hu\/wpnew\/wp-content\/uploads\/2023\/02\/kezilabda-fiu-ezust-1024x728.jpg\" alt=\"\" class=\"wp-image-1504\" srcset=\"http:\/\/vmksz.hu\/wpnew\/wp-content\/uploads\/2023\/02\/kezilabda-fiu-ezust-1024x728.jpg 1024w, http:\/\/vmksz.hu\/wpnew\/wp-content\/uploads\/2023\/02\/kezilabda-fiu-ezust-300x213.jpg 300w, http:\/\/vmksz.hu\/wpnew\/wp-content\/uploads\/2023\/02\/kezilabda-fiu-ezust-768x546.jpg 768w, http:\/\/vmksz.hu\/wpnew\/wp-content\/uploads\/2023\/02\/kezilabda-fiu-ezust-1536x1092.jpg 1536w, http:\/\/vmksz.hu\/wpnew\/wp-content\/uploads\/2023\/02\/kezilabda-fiu-ezust.jpg 2000w\" sizes=\"(max-width: 767px) 89vw, (max-width: 1000px) 54vw, (max-width: 1071px) 543px, 580px\" \/><\/figure>\n\n\n\n<p>Tat\u00e1n \u00e9s Tatab\u00e1ny\u00e1n rendezt\u00e9k meg az V-VI. korcsoportos \u201eA\u201d kateg\u00f3ri\u00e1s fi\u00fa k\u00e9zilabda di\u00e1kolimpia orsz\u00e1gos d\u00f6nt\u0151t, ahol Veszpr\u00e9m v\u00e1rmegy\u00e9t a Noszlopy gimn\u00e1zium k\u00e9pviselte.<\/p>\n\n\n\n<p>A 2022\/23-as tan\u00e9vben \u00f6sszesen 210 csapat nevezett, s ezek k\u00f6z\u00fcl nyolc fi\u00fa \u00e9s nyolc le\u00e1ny csapat k\u00fczd\u00f6tt a bajnoki c\u00edmek\u00e9rt. A Noszlopy iskola c\u00edmv\u00e9d\u0151k\u00e9nt \u00e9rkezett az esem\u00e9nyre.<\/p>\n\n\n\n<p>A veszpr\u00e9miek a gy\u00f6ngy\u00f6si Berze Nagy J\u00e1nos Gimn\u00e1zium ellen kezdtek \u00e9s 32-26-ra nyertek. Ezt k\u00f6vet\u0151en a Tatab\u00e1nyai Szakk\u00e9pz\u00e9si Centrum B\u00e1nki Don\u00e1t-P\u00e9ch Antal Technikum g\u00e1rd\u00e1ja k\u00f6vetkezett, amelyet 36-23-ra siker\u00fclt k\u00e9t v\u00e1llra fektetni. A csoportk\u00f6r utols\u00f3 tal\u00e1lkoz\u00f3j\u00e1n a Budapest IX. ker\u00fcleti Le\u00f6vey Kl\u00e1ra Gimn\u00e1zium sem tudott komolyabb ellen\u00e1ll\u00e1st kifejteni, a mieink 40-27-re diadalmaskodtak.<\/p>\n\n\n\n<p>A keresztj\u00e1t\u00e9kban a Szeged \u00e9s T\u00e9rs\u00e9ge E\u00f6tv\u00f6s J\u00f3zsef Gimn\u00e1zium legjobbjai ellen bizony\u00edthattak Makkai Bal\u00e1zs testnevel\u0151 \u00e9s felk\u00e9sz\u00edt\u0151 tan\u00e1r, valamint Guly\u00e1s Istv\u00e1n szakedz\u0151 tan\u00edtv\u00e1nyai. Ezen az \u00f6sszecsap\u00e1son is egy\u00e9rtelm\u0171 volt, melyik a jobb csapat: a bakonyiak 44-33-as gy\u0151zelemmel hagyt\u00e1k el a p\u00e1ly\u00e1t.<\/p>\n\n\n\n<p>A d\u00f6nt\u0151ben a Si\u00f3foki SZC Mathi\u00e1sz J\u00e1nos Gimn\u00e1zium \u00e9s Technikum g\u00e1rd\u00e1ja volt az ellenf\u00e9l. Nagyszer\u0171 m\u00e9rk\u0151z\u00e9st v\u00edvott a k\u00e9t f\u00e9l, az \u00f6sszecsap\u00e1s az utols\u00f3 pillanatig ki\u00e9lezett volt, de v\u00e9g\u00fcl a balatoniak \u00f6r\u00fclhettek, miut\u00e1n 28-27-re nyertek.<\/p>\n\n\n\n<p>Az ez\u00fcst\u00e9rem mell\u00e9 egy k\u00fcl\u00f6nd\u00edjat is begy\u0171jt\u00f6ttek a veszpr\u00e9mi, a torna legtechnik\u00e1sabb j\u00e1t\u00e9kos\u00e1nak j\u00e1r\u00f3 elismer\u00e9st Szucsik Benedek \u00e9rdemelte ki.<\/p>\n\n\n\n<p>A Noszlopy gimn\u00e1zium csapat\u00e1nak tagjai: Apr\u00f3 Botond, Bogd\u00e1ny \u00d6rs, B\u0151ti Dominik, Eklemovics M\u00e1rk\u00f3, F\u00fcry F\u00e9lix, Lantos Korn\u00e9l, Nagy Arnold, N\u00e9meth Bulcs\u00fa, Racsk\u00f3 M\u00e1t\u00e9, Reidm\u00e1r Dominik, Szucsik Benedek, T\u00f3th Istv\u00e1n S\u00e1muel, V\u00e9gh B\u00e1lint, Zaj\u00e1cz Krist\u00f3f.<\/p>\n\n\n\n<p>Az orsz\u00e1gos d\u00f6nt\u0151n veszpr\u00e9mi j\u00e1t\u00e9kvezet\u0151k is k\u00f6zrem\u0171k\u00f6dtek valamennyi r\u00e9sztvev\u0151 nagy megel\u00e9ged\u00e9s\u00e9re. A Marosi Zolt\u00e1n-Pap Ervin M\u00e1rk kett\u0151s hat tal\u00e1lkoz\u00f3t f\u00fajt, t\u00f6bbek k\u00f6z\u00f6tt a le\u00e1ny bronzmeccset, m\u00edg a Papp Rich\u00e1rd-S\u00f6r\u00f6s Csaba kett\u0151s nyolc \u00f6sszecsap\u00e1st vezetett le, t\u00f6bbek k\u00f6z\u00f6tt a fi\u00fa harmadik hely\u00e9rt zajl\u00f3t is.<\/p>\n\n\n\n<p>Kor\u00e1bban hasonl\u00f3ra m\u00e9g nem volt p\u00e9lda megy\u00e9nken k\u00edv\u00fcli Di\u00e1kolimpia rendezv\u00e9nyen, s ez az esem\u00e9ny is j\u00f3l mutatja, hogy nemcsak a veszpr\u00e9mi k\u00e9zilabd\u00e1z\u00f3k teljes\u00edtm\u00e9nye kimagasl\u00f3, hanem a j\u00e1t\u00e9kvezet\u0151k\u00e9 is.<\/p>\n","protected":false},"excerpt":{"rendered":"<p>M\u00e1sodik helyez\u00e9st szerzett a veszpr\u00e9mi Noszlopy G\u00e1sp\u00e1r Gimn\u00e1zium \u00e9s Technikum az V-VI. korcsoportos orsz\u00e1gos fi\u00fa k\u00e9zilabda di\u00e1kolimpiai d\u00f6nt\u0151n. Tat\u00e1n \u00e9s Tatab\u00e1ny\u00e1n rendezt\u00e9k meg az V-VI. korcsoportos \u201eA\u201d kateg\u00f3ri\u00e1s fi\u00fa k\u00e9zilabda di\u00e1kolimpia orsz\u00e1gos d\u00f6nt\u0151t, ahol Veszpr\u00e9m v\u00e1rmegy\u00e9t a Noszlopy gimn\u00e1zium k\u00e9pviselte. A 2022\/23-as tan\u00e9vben \u00f6sszesen 210 csapat nevezett, s ezek k\u00f6z\u00fcl nyolc fi\u00fa \u00e9s nyolc le\u00e1ny &hellip; <\/p>\n<p class=\"link-more\"><a href=\"http:\/\/vmksz.hu\/wpnew\/2023\/02\/09\/kulondij-es-ezusterem\/\" class=\"more-link\"><span class=\"screen-reader-text\">&#8222;K\u00fcl\u00f6nd\u00edj \u00e9s ez\u00fcst\u00e9rem&#8221;<\/span> b\u0151vebben<\/a><\/p>\n","protected":false},"author":1,"featured_media":0,"comment_status":"closed","ping_status":"closed","sticky":false,"template":"","format":"standard","meta":{"ngg_post_thumbnail":0,"_monsterinsights_skip_tracking":false,"_monsterinsights_sitenote_active":false,"_monsterinsights_sitenote_note":"","_monsterinsights_sitenote_category":0,"footnotes":""},"categories":[1],"tags":[],"_links":{"self":[{"href":"http:\/\/vmksz.hu\/wpnew\/wp-json\/wp\/v2\/posts\/1503"}],"collection":[{"href":"http:\/\/vmksz.hu\/wpnew\/wp-json\/wp\/v2\/posts"}],"about":[{"href":"http:\/\/vmksz.hu\/wpnew\/wp-json\/wp\/v2\/types\/post"}],"author":[{"embeddable":true,"href":"http:\/\/vmksz.hu\/wpnew\/wp-json\/wp\/v2\/users\/1"}],"replies":[{"embeddable":true,"href":"http:\/\/vmksz.hu\/wpnew\/wp-json\/wp\/v2\/comments?post=1503"}],"version-history":[{"count":1,"href":"http:\/\/vmksz.hu\/wpnew\/wp-json\/wp\/v2\/posts\/1503\/revisions"}],"predecessor-version":[{"id":1505,"href":"http:\/\/vmksz.hu\/wpnew\/wp-json\/wp\/v2\/posts\/1503\/revisions\/1505"}],"wp:attachment":[{"href":"http:\/\/vmksz.hu\/wpnew\/wp-json\/wp\/v2\/media?parent=1503"}],"wp:term":[{"taxonomy":"category","embeddable":true,"href":"http:\/\/vmksz.hu\/wpnew\/wp-json\/wp\/v2\/categories?post=1503"},{"taxonomy":"post_tag","embeddable":true,"href":"http:\/\/vmksz.hu\/wpnew\/wp-json\/wp\/v2\/tags?post=1503"}],"curies":[{"name":"wp","href":"https:\/\/api.w.org\/{rel}","templated":true}]}}