{"id":1507,"date":"2023-03-13T13:25:29","date_gmt":"2023-03-13T13:25:29","guid":{"rendered":"http:\/\/vmksz.hu\/wpnew\/?p=1507"},"modified":"2023-03-13T13:25:32","modified_gmt":"2023-03-13T13:25:32","slug":"veol-interju-sulyok-erzsebettel","status":"publish","type":"post","link":"http:\/\/vmksz.hu\/wpnew\/2023\/03\/13\/veol-interju-sulyok-erzsebettel\/","title":{"rendered":"VEOL interj\u00fa Sulyok Erzs\u00e9bettel"},"content":{"rendered":"\n<p>Akiknek volt szerencs\u00e9j\u00fck l\u00e1tni \u0151t a p\u00e1ly\u00e1n, elragadtat\u00e1ssal besz\u00e9lnek a j\u00e1t\u00e9k\u00e1r\u00f3l, a k\u00e9pess\u00e9geir\u0151l, a tehets\u00e9g\u00e9r\u0151l. Minden\u00fctt kit\u00fcntetett figyelem \u00f6vezte, mik\u00e9nt az a k\u00fcl\u00f6nleges, korszakos egy\u00e9nis\u00e9geknek kij\u00e1r. Az akt\u00edv k\u00e9zilabd\u00e1z\u00e1ssal 47 \u00e9vesen felhagyott N\u00e9methn\u00e9 Sulyok Erzs\u00e9bet t\u00f6bb mint k\u00e9t \u00e9vtizede edz\u0151sk\u00f6dik, jelenleg a Veszpr\u00e9m Pannon SE NB II-es feln\u0151ttk\u00f6r\u00e9t, illetve koroszt\u00e1lyos csapatait gard\u00edrozza. A fiatalok feln\u00e9znek a sportberkekben csak B\u00f6bek\u00e9nt ismert 89-szeres v\u00e1logatottra, aki a tr\u00e9ningeken sz\u00e1mos gyakorlatot bemutat nekik.<\/p>\n\n\n\n<p>A VPSE pillanatnyilag m\u00e1sodik az NB II \u00e9szaknyugati csoportj\u00e1ban, a kispadjukr\u00f3l Pischn\u00e9 Bank\u00f3 Zsuzsanna mellett Sulyok B\u00f6be l\u00e1tja el instrukci\u00f3kkal a tan\u00edtv\u00e1nyokat. Nekik \u00e9rdemes meghallgatni, mi t\u00f6bb, megfogadni a tan\u00e1csokat, mert azok olyan csillagt\u00f3l \u00e9rkeznek, aki 1981-ben \u00e9s 1985-ben az \u00e9lvonal g\u00f3lkir\u00e1lyn\u0151je volt. \u2013 Legut\u00f3bb megnyert\u00fck a harmadoszt\u00e1ly\u00fa vet\u00e9lked\u00e9s\u00fcnket, \u00e1m a klubt\u00f6rt\u00e9neti siker \u00e1rny\u00e9k\u00e1ban \u2013 infrastruktur\u00e1lis \u00e9s anyagi megfontol\u00e1sb\u00f3l \u2013 nem v\u00e1llaltuk az NB II-es szerepl\u00e9st. Az otthonunk, a stadion munkacsarnok\u00e1nak \u00e1t\u00e9p\u00edt\u00e9se miatt most is hol itt, hol ott dolgozunk. A jelenlegi ki\u00edr\u00e1sban r\u00e1ad\u00e1sul van m\u00e1r k\u00e9t veres\u00e9g\u00fcnk \u2013 tizenegy gy\u0151zelem mellett \u2013, vagyis nem tartjuk val\u00f3sz\u00edn\u0171nek az ism\u00e9tl\u00e9st, de ha ez m\u00e9gis megt\u00f6rt\u00e9nne, \u00fajra lemondan\u00e1nk a feljut\u00e1sr\u00f3l. Fiatalok mellett \u00e9desany\u00e1k \u00e9s dolgoz\u00f3 n\u0151k is tartoznak a keret\u00fcnkh\u00f6z, \u0151k aligha v\u00e1llaln\u00e1k a mindennapos edz\u00e9seket. J\u00f3 j\u00e1t\u00e9kosok, de csak kedvtel\u00e9sb\u0151l sportolnak, \u00edgy n\u00e1lunk nincsenek is el\u00e9rhetetlen c\u00e9lok. F\u0151k\u00e9nt az vez\u00e9rel benn\u00fcnket, hogy a tagjaink j\u00f3l \u00e9rezz\u00e9k magukat n\u00e1lunk, ha pedig ez eredm\u00e9nyess\u00e9ggel is t\u00e1rsul, az hab a tort\u00e1n. Sz\u00e1munkra az jelent motiv\u00e1ci\u00f3t, hogy min\u00e9l t\u00f6bb tehets\u00e9ges gyermeket \u201eadjunk\u201d a sport\u00e1gnak \u2013 jegyezte meg a 62 \u00e9ves edz\u0151, aki a sz\u00e1zn\u00e1l is t\u00f6bb tagot sz\u00e1ml\u00e1l\u00f3 egyes\u00fcletben a serd\u00fcl\u0151k \u00e9s az ifj\u00fas\u00e1giak munk\u00e1j\u00e1t ugyancsak seg\u00edti.<\/p>\n\n\n\n<p>Az m\u00e1r kor\u00e1n kider\u00fclt, hogy a p\u00e9ld\u00e1s szorgalm\u00fa klasszisnak van labda\u00e9rz\u00e9ke, a j\u00e1t\u00e9kszer kezd\u0151k\u00e9nt sem dadogott a kez\u00e9ben. Az \u00e9rt\u0151 szemek egy akkort\u00e1jt divatos gy\u0151ri t\u00f6megsport foglalkoz\u00e1son sz\u00fart\u00e1k ki maguknak \u00e9s a sport\u00e1gnak. A szakemberek seg\u00edts\u00e9g\u00e9vel hamar kibontakozott a talentuma, hogy azt\u00e1n a R\u00e1ba ETO-ban meredeken \u00edveljen felfel\u00e9 a p\u00e1lyafut\u00e1sa. Ebben az id\u0151szakban ismerte meg a k\u00e9s\u0151bbi f\u00e9rj\u00e9t, N\u00e9meth G\u00e1bort, aki 1977-ben felk\u00e9sz\u00edt\u0151je volt az Orsz\u00e1gos Ifj\u00fas\u00e1gi Kup\u00e1t nyert g\u00e1rd\u00e1juknak. A Gy\u0151ri Textilesb\u0151l lett ifj\u00fas\u00e1gi v\u00e1logatott, a csapattal r\u00e9szt vett a Szovjetuni\u00f3ban \u00e9s Rom\u00e1ni\u00e1ban rendezett vil\u00e1gbajnoks\u00e1gon. A rangl\u00e9tr\u00e1t v\u00e9gigj\u00e1rva, el\u0151sz\u00f6r h\u00fasz\u00e9vesen lett az NB I legjobb mesterl\u00f6v\u00e9sze, majd 1982-ben a Bakony Vegy\u00e9sz TC-hez igazolt, ahol n\u00e9gy szezont h\u00fazott le. A karrierje n\u00e1lunk teljesedett ki: Ny\u00e1ri Zsuzsann\u00e1val, Orb\u00e1n Csill\u00e1val, Budai Pirosk\u00e1val \u00e9s a t\u00f6bbi remek j\u00e1tsz\u00f3t\u00e1rssal az \u00e9lvonal meghat\u00e1roz\u00f3 egy\u00fcttes\u00e9t alkott\u00e1k. Negyven \u00e9ve \u2013 N\u00e9meth G\u00e1bor ir\u00e1ny\u00edt\u00e1s\u00e1val \u2013 elh\u00f3d\u00edtott\u00e1k a Magyar N\u00e9pk\u00f6zt\u00e1rsas\u00e1gi Kup\u00e1t \u00e9s nem sok hi\u00e1nyzott ahhoz, hogy a bajnoks\u00e1gban is megkoron\u00e1zz\u00e1k \u0151ket. Ha a pontvad\u00e1szat hajr\u00e1j\u00e1ban legal\u00e1bb egy d\u00f6ntetlent el\u00e9rnek B\u00e9k\u00e9scsab\u00e1n, akkor arany\u00e9rmesek, v\u00e9g\u00fcl g\u00f3lk\u00fcl\u00f6nbs\u00e9ggel szorultak az els\u0151k\u00e9nt \u201eleintett\u201d Budapesti Spartacus m\u00f6g\u00e9. Ny\u00e1rival \u00e9s Orb\u00e1nnal tagja volt a Los Angeles-i olimpi\u00e1ra k\u00e9sz\u00fcl\u0151 v\u00e1logatott kollekt\u00edv\u00e1nak, de az \u00f6tkarik\u00e1s j\u00e1t\u00e9kokr\u00f3l \u00e9pp\u00fagy lemaradt, mint az 1982-es budapesti vb-r\u0151l, ahol a Sterbinszky Am\u00e1li\u00e1val, G\u00f3dorn\u00e9 Nagy Mariann\u00e1val, R\u00e1cz Mariann\u00e1val \u00e9s a BVTC-s Ny\u00e1rival fel\u00e1ll\u00f3 k\u00f6z\u00f6ss\u00e9g m\u00e1sodik lett. \u2013 Az olimpi\u00e1ra az ismert politikai okok miatt nem mehett\u00fcnk, ugyanakkor a b\u0151 vb-keretnek tagja voltam. Sajnos az utols\u00f3 keretsz\u0171k\u00edt\u00e9sn\u00e9l nem maradtam fent a rost\u00e1n, a Budapesti \u00c9p\u00edt\u0151kben j\u00e1tszott Gy\u00f6rgy Anna el\u00e9m ker\u00fclt a sorban, hozz\u00e1teszem: meg\u00e9rdemelten, hiszen abban az id\u0151ben jobb volt n\u00e1lam. Emiatt nincs bennem t\u00fcske, ugyanis akkoriban egy \u00e9ve voltam a Cs\u00edk J\u00e1nos sz\u00f6vets\u00e9gi kapit\u00e1ny dirig\u00e1lta t\u00e1rsas\u00e1g tagja. Az NB I-ben 1984-ben harmadikak lett\u00fcnk, r\u00e9szt vett\u00fcnk az IHF-kup\u00e1ban, s egy \u00e9v m\u00falva \u2013 imm\u00e1ron nemzetk\u00f6zi min\u0151s\u00edt\u00e9s\u0171 sportol\u00f3k\u00e9nt \u2013 \u00fajra g\u00f3lkir\u00e1lyn\u0151 lettem. Abban az id\u00e9nyben sajnos elmaradtunk a v\u00e1rakoz\u00e1sokt\u00f3l, csak hetedikek lett\u00fcnk, majd a k\u00f6vetkez\u0151 ki\u00edr\u00e1sban kiest\u00fcnk az NB I-b\u0151l. Karrierem legszebb id\u0151szak\u00e1t m\u00e9gis Veszpr\u00e9mben t\u00f6lt\u00f6ttem, nagyszer\u0171 t\u00e1rsaim voltak, k\u00f6z\u00fcl\u00fck az\u00f3ta t\u00f6bben k\u00fclf\u00f6ld\u00f6n \u00e9lnek. A r\u00e9giek k\u00f6z\u00fcl legink\u00e1bb Borsos Erzs\u00e9bettel tartom a kapcsolatot, ha tal\u00e1lkozunk, n\u00e9ha nosztalgi\u00e1zunk is. Sz\u00edvesen eml\u00e9kszem a r\u00e9gi sz\u00e9p id\u0151kre, nem titok, Sterbinszkyt \u00e9s G\u00f3dorn\u00e9t nagyra tartottam, m\u00edg a vil\u00e1gszt\u00e1rok sor\u00e1b\u00f3l Jasna Kolar-Merdan \u00e9s Svetlana Kitic volt a favoritom.<\/p>\n\n\n\n<p>A BVTC kies\u00e9sekor N\u00e9methn\u00e9 porcs\u00e9r\u00fcl\u00e9st szenvedett, s noha ut\u00e1na fel\u00e9p\u00fclt, m\u00e1r nem tudta a kor\u00e1bbi n\u00edv\u00f3j\u00e1t hozni, a v\u00e1logatott\u00f3l is t\u00e1vol ker\u00fclt. K\u00e9s\u0151bb Szegedre igazolt, ahol a csapat a seg\u00edts\u00e9g\u00e9vel feljutott az NB I-be, \u00e9s ott siker\u00fclt is bennmaradnia. Veszpr\u00e9mbe 1990-ben t\u00e9rt vissza, majd \u00f6sszeh\u00e1zasodtak N\u00e9meth G\u00e1borral. A kapcsolatukb\u00f3l k\u00e9t gyermek sz\u00fcletett: a 31 \u00e9ves Kriszta a Pannon SE j\u00e1t\u00e9kosa \u00e9s ut\u00e1np\u00f3tl\u00e1sedz\u0151je, m\u00edg a n\u00e1l\u00e1n\u00e1l k\u00e9t \u00e9vvel fiatalabb Bal\u00e1zs a Balatonf\u00fcredi KSE igazoltja. Nincs is mit csod\u00e1lkozni azon, hogy otthon gyakran ker\u00fcl sz\u00f3ba k\u00f6z\u00f6tt\u00fck a k\u00e9zilabda, B\u00f6be is el\u0151szeretettel hagyatkozik a Sz\u00e9kesfeh\u00e9rv\u00e1rott dolgoz\u00f3 csal\u00e1df\u0151 megl\u00e1t\u00e1saira. Az ir\u00e1ny\u00edt\u00f3-\u00e1tl\u00f6v\u0151 \u00e9desanya az\u00f3ta csak k\u00e9tszer \u201eszedte fel a horgonyt\u201d a kir\u00e1lyn\u00e9k v\u00e1ros\u00e1b\u00f3l: egy r\u00f6vid Balaton-parti kiruccan\u00e1skor, illetve mikor V\u00e1rpalot\u00e1n munk\u00e1lkodott egy sz\u00e9kesfeh\u00e9rv\u00e1ri klub fi\u00f3kcsapat\u00e1val. K\u00f6zben a Veszpr\u00e9m Beton KC vez\u00e9regy\u00e9nis\u00e9ge is volt, ezen \u00e1llom\u00e1shely\u00e9n szint\u00e9n sz\u00e1molatlanul sz\u00f3rta a g\u00f3lokat. J\u00f3llehet a p\u00e1ly\u00e1n ny\u00fajtott teljes\u00edtm\u00e9ny\u00e9n nem volt \u00e9rz\u00e9kelhet\u0151, 47 \u00e9vesen sz\u00f6gre akasztotta a szerel\u00e9s\u00e9t, mivel mind nehezebben b\u00edrta a terhel\u00e9st: az utols\u00f3 szezonj\u00e1ban m\u00e1r f\u00e1jt mindene, nehezen tudta fizikailag \u00e9s szellemileg \u00f6sszerakni mag\u00e1t. Hi\u00e1ba gy\u0151zk\u00f6dt\u00e9k m\u00e1sok a folytat\u00e1sr\u00f3l, azt mondta: j\u00f6jjenek a fiatalok, az \u00f6t\u00f6dik ikszhez k\u00f6zeledve m\u00e1r nem akarja megv\u00e1ltani a vil\u00e1got. Hat \u00e9ve tartozik a VPSE k\u00f6tel\u00e9k\u00e9hez, ahol a sz\u00fcl\u0151k sok mindenben seg\u00edtik a munk\u00e1jukat. \u2013 \u00d6sszetart\u00f3 a k\u00f6z\u00f6ss\u00e9g\u00fcnk, olyan, mint egy nagy csal\u00e1d. Ha arr\u00f3l van sz\u00f3, az edz\u00e9seken bemutatom a gyakorlatokat, pedig m\u00e1r csak ritk\u00e1n mozgok, a fut\u00e1snak is h\u00e1tat ford\u00edtottam, a mindennapi testmozg\u00e1som \u00e1ltal\u00e1ban kimer\u00fcl a kutyas\u00e9t\u00e1ltat\u00e1sban. Hetente h\u00e9t-t\u00edz edz\u00e9st tartok. Szeretek az ifjak k\u00f6z\u00f6tt lenni, l\u00e9v\u00e9n, megfiatal\u00edtanak. Azon vagyok, hogy ha ezen a szinten is, de maradjanak meg a sport\u00e1gnak, fejl\u0151djenek \u00e9s az \u00fcgyesebbeknek m\u00e1sutt teljesedjen ki a karrierje. Szigor\u00fa, de igazs\u00e1gos \u00e9s k\u00f6vetkezetes edz\u0151 vagyok, aki a m\u00e9rk\u0151z\u00e9seken nem teremti le a tan\u00edtv\u00e1nyait, ha valamit rosszul csin\u00e1ltak, ink\u00e1bb f\u00e9lre h\u00edvja \u00e9s eml\u00e9kezteti \u0151ket arra, hogy az adott elemet mik\u00e9nt gyakoroltuk a h\u00e9tk\u00f6zi tr\u00e9ningeken.<\/p>\n\n\n\n<p>N\u00e9methn\u00e9 amond\u00f3, hogy mai fejjel sem csin\u00e1lna semmit m\u00e1sk\u00e9nt, mik\u00f6zben tudjuk, miszerint hajdan h\u00edres f\u0151v\u00e1rosi klubok is kerest\u00e9k a kegyeit. A k\u00e9zilabda ak\u00e1rmennyire is csapatj\u00e1t\u00e9k, egy\u00e9ni teljes\u00edtm\u00e9nyekb\u0151l \u00e1ll \u00f6ssze, ha \u00fagy tetszik: egy\u00e9ni k\u00e9pess\u00e9gek kellenek hozz\u00e1 \u00e9s egy\u00e9nis\u00e9gek. Olyanok, mint amilyen \u0151 volt egykoron, akinek remek g\u00f6mb\u00e9rz\u00e9ke volt, \u00e9s akinek a nev\u00e9t rendre kiemelt\u00e9k a tud\u00f3s\u00edt\u00e1sokban. F\u0151szerepe volt csapatai sikereiben, nem volt ellene k\u00f6nny\u0171 k\u00fczdeni. \u2013 A k\u00e9zilabda viszont csapatj\u00e1t\u00e9k, a produkci\u00f3mhoz t\u00e1rsak is kellettek \u2013 szabadkozik, a szenz\u00e1ci\u00f3s csukl\u00f3j\u00e1r\u00f3l, a bombaer\u0151s \u00e9s v\u00e1ltozatos l\u00f6v\u00e9seir\u0151l, tov\u00e1bb\u00e1 a magabiztosan elv\u00e9gzett b\u00fcntet\u0151ir\u0151l m\u00e9gis hosszasan tudn\u00e1nak mes\u00e9lni az \u00e1mulatba ejtett szurkol\u00f3k. Ha akkor lettek volna vide\u00f3megoszt\u00f3 port\u00e1lok, minden k\u00e9ts\u00e9get kiz\u00e1r\u00f3an meg\u00f6r\u00f6k\u00edtett\u00e9k volna a legszebb megmozdul\u00e1sait. Hi\u00e1ny\u00e9rzete csak amiatt van, hogy a BVTC-vel nem lettek bajnokok.&nbsp;<\/p>\n\n\n\n<p>Bor\u00edt\u00e9kolhat\u00f3 volt, hogy az \u00e1tlag feletti akarater\u0151vel, c\u00e9ltudatoss\u00e1ggal \u00e9s munkab\u00edr\u00e1ssal rendelkez\u0151 kit\u0171n\u0151s\u00e9g k\u00e9ptelen lesz elszakadni a sport\u00e1gt\u00f3l. Ha jobban belegondolunk, ez \u00edgy is van j\u00f3l: ha valakit\u0151l, akkor t\u0151le azt\u00e1n tanulhatnak a fiatalok.<\/p>\n\n\n\n<p><em>Forr\u00e1s: <a rel=\"noreferrer noopener\" href=\"https:\/\/www.veol.hu\/helyi-kozelet\/2023\/03\/jo-kezekben-volt-nala-a-labda\" target=\"_blank\">veol<\/a><\/em><\/p>\n","protected":false},"excerpt":{"rendered":"<p>Akiknek volt szerencs\u00e9j\u00fck l\u00e1tni \u0151t a p\u00e1ly\u00e1n, elragadtat\u00e1ssal besz\u00e9lnek a j\u00e1t\u00e9k\u00e1r\u00f3l, a k\u00e9pess\u00e9geir\u0151l, a tehets\u00e9g\u00e9r\u0151l. Minden\u00fctt kit\u00fcntetett figyelem \u00f6vezte, mik\u00e9nt az a k\u00fcl\u00f6nleges, korszakos egy\u00e9nis\u00e9geknek kij\u00e1r. Az akt\u00edv k\u00e9zilabd\u00e1z\u00e1ssal 47 \u00e9vesen felhagyott N\u00e9methn\u00e9 Sulyok Erzs\u00e9bet t\u00f6bb mint k\u00e9t \u00e9vtizede edz\u0151sk\u00f6dik, jelenleg a Veszpr\u00e9m Pannon SE NB II-es feln\u0151ttk\u00f6r\u00e9t, illetve koroszt\u00e1lyos csapatait gard\u00edrozza. A fiatalok feln\u00e9znek &hellip; <\/p>\n<p class=\"link-more\"><a href=\"http:\/\/vmksz.hu\/wpnew\/2023\/03\/13\/veol-interju-sulyok-erzsebettel\/\" class=\"more-link\"><span class=\"screen-reader-text\">&#8222;VEOL interj\u00fa Sulyok Erzs\u00e9bettel&#8221;<\/span> b\u0151vebben<\/a><\/p>\n","protected":false},"author":1,"featured_media":0,"comment_status":"closed","ping_status":"closed","sticky":false,"template":"","format":"standard","meta":{"ngg_post_thumbnail":0,"_monsterinsights_skip_tracking":false,"_monsterinsights_sitenote_active":false,"_monsterinsights_sitenote_note":"","_monsterinsights_sitenote_category":0,"footnotes":""},"categories":[1],"tags":[],"_links":{"self":[{"href":"http:\/\/vmksz.hu\/wpnew\/wp-json\/wp\/v2\/posts\/1507"}],"collection":[{"href":"http:\/\/vmksz.hu\/wpnew\/wp-json\/wp\/v2\/posts"}],"about":[{"href":"http:\/\/vmksz.hu\/wpnew\/wp-json\/wp\/v2\/types\/post"}],"author":[{"embeddable":true,"href":"http:\/\/vmksz.hu\/wpnew\/wp-json\/wp\/v2\/users\/1"}],"replies":[{"embeddable":true,"href":"http:\/\/vmksz.hu\/wpnew\/wp-json\/wp\/v2\/comments?post=1507"}],"version-history":[{"count":1,"href":"http:\/\/vmksz.hu\/wpnew\/wp-json\/wp\/v2\/posts\/1507\/revisions"}],"predecessor-version":[{"id":1508,"href":"http:\/\/vmksz.hu\/wpnew\/wp-json\/wp\/v2\/posts\/1507\/revisions\/1508"}],"wp:attachment":[{"href":"http:\/\/vmksz.hu\/wpnew\/wp-json\/wp\/v2\/media?parent=1507"}],"wp:term":[{"taxonomy":"category","embeddable":true,"href":"http:\/\/vmksz.hu\/wpnew\/wp-json\/wp\/v2\/categories?post=1507"},{"taxonomy":"post_tag","embeddable":true,"href":"http:\/\/vmksz.hu\/wpnew\/wp-json\/wp\/v2\/tags?post=1507"}],"curies":[{"name":"wp","href":"https:\/\/api.w.org\/{rel}","templated":true}]}}