{"id":1569,"date":"2023-09-26T18:46:25","date_gmt":"2023-09-26T18:46:25","guid":{"rendered":"http:\/\/vmksz.hu\/wpnew\/?p=1569"},"modified":"2023-09-26T18:46:28","modified_gmt":"2023-09-26T18:46:28","slug":"megemlekezes","status":"publish","type":"post","link":"http:\/\/vmksz.hu\/wpnew\/2023\/09\/26\/megemlekezes\/","title":{"rendered":"Megeml\u00e9kez\u00e9s"},"content":{"rendered":"\n<p>V\u00e1rmegyei Sz\u00f6vets\u00e9g\u00fcnk megker\u00fclhetetlen alakja Tari Tibor hal\u00e1l\u00e1nak 4. \u00e9vfordul\u00f3j\u00e1n pedig a VMKSZ Eml\u00e9k Bizotts\u00e1ga eml\u00e9kezett meg ikonikus alakj\u00e1r\u00f3l\u00a0v\u00e9gs\u0151 nyughely\u00e9n a balatonalm\u00e1di Pink\u00f3czi temet\u0151ben. Eml\u00e9k\u00e9t, k\u00f6z\u00f6s t\u00f6rt\u00e9neteinkre\u00a0gondolva Neki is \u00f6r\u00f6kre meg\u0151rizz\u00fck!\u00a0<\/p>\n\n\n\n<figure class=\"wp-block-image size-large\"><img loading=\"lazy\" decoding=\"async\" width=\"768\" height=\"1024\" src=\"http:\/\/vmksz.hu\/wpnew\/wp-content\/uploads\/2023\/09\/384079326_2965751656899192_5420124750463613752_n-768x1024.jpg\" alt=\"\" class=\"wp-image-1570\" srcset=\"http:\/\/vmksz.hu\/wpnew\/wp-content\/uploads\/2023\/09\/384079326_2965751656899192_5420124750463613752_n-768x1024.jpg 768w, http:\/\/vmksz.hu\/wpnew\/wp-content\/uploads\/2023\/09\/384079326_2965751656899192_5420124750463613752_n-225x300.jpg 225w, http:\/\/vmksz.hu\/wpnew\/wp-content\/uploads\/2023\/09\/384079326_2965751656899192_5420124750463613752_n-1152x1536.jpg 1152w, http:\/\/vmksz.hu\/wpnew\/wp-content\/uploads\/2023\/09\/384079326_2965751656899192_5420124750463613752_n.jpg 1170w\" sizes=\"(max-width: 767px) 89vw, (max-width: 1000px) 54vw, (max-width: 1071px) 543px, 580px\" \/><\/figure>\n","protected":false},"excerpt":{"rendered":"<p>V\u00e1rmegyei Sz\u00f6vets\u00e9g\u00fcnk megker\u00fclhetetlen alakja Tari Tibor hal\u00e1l\u00e1nak 4. \u00e9vfordul\u00f3j\u00e1n pedig a VMKSZ Eml\u00e9k Bizotts\u00e1ga eml\u00e9kezett meg ikonikus alakj\u00e1r\u00f3l\u00a0v\u00e9gs\u0151 nyughely\u00e9n a balatonalm\u00e1di Pink\u00f3czi temet\u0151ben. Eml\u00e9k\u00e9t, k\u00f6z\u00f6s t\u00f6rt\u00e9neteinkre\u00a0gondolva Neki is \u00f6r\u00f6kre meg\u0151rizz\u00fck!\u00a0<\/p>\n","protected":false},"author":1,"featured_media":0,"comment_status":"closed","ping_status":"closed","sticky":false,"template":"","format":"standard","meta":{"ngg_post_thumbnail":0,"_monsterinsights_skip_tracking":false,"_monsterinsights_sitenote_active":false,"_monsterinsights_sitenote_note":"","_monsterinsights_sitenote_category":0,"footnotes":""},"categories":[1],"tags":[],"_links":{"self":[{"href":"http:\/\/vmksz.hu\/wpnew\/wp-json\/wp\/v2\/posts\/1569"}],"collection":[{"href":"http:\/\/vmksz.hu\/wpnew\/wp-json\/wp\/v2\/posts"}],"about":[{"href":"http:\/\/vmksz.hu\/wpnew\/wp-json\/wp\/v2\/types\/post"}],"author":[{"embeddable":true,"href":"http:\/\/vmksz.hu\/wpnew\/wp-json\/wp\/v2\/users\/1"}],"replies":[{"embeddable":true,"href":"http:\/\/vmksz.hu\/wpnew\/wp-json\/wp\/v2\/comments?post=1569"}],"version-history":[{"count":1,"href":"http:\/\/vmksz.hu\/wpnew\/wp-json\/wp\/v2\/posts\/1569\/revisions"}],"predecessor-version":[{"id":1571,"href":"http:\/\/vmksz.hu\/wpnew\/wp-json\/wp\/v2\/posts\/1569\/revisions\/1571"}],"wp:attachment":[{"href":"http:\/\/vmksz.hu\/wpnew\/wp-json\/wp\/v2\/media?parent=1569"}],"wp:term":[{"taxonomy":"category","embeddable":true,"href":"http:\/\/vmksz.hu\/wpnew\/wp-json\/wp\/v2\/categories?post=1569"},{"taxonomy":"post_tag","embeddable":true,"href":"http:\/\/vmksz.hu\/wpnew\/wp-json\/wp\/v2\/tags?post=1569"}],"curies":[{"name":"wp","href":"https:\/\/api.w.org\/{rel}","templated":true}]}}