{"id":241,"date":"2018-07-25T16:45:36","date_gmt":"2018-07-25T16:45:36","guid":{"rendered":"http:\/\/vmksz.hu\/wpnew\/?p=241"},"modified":"2018-07-25T16:45:36","modified_gmt":"2018-07-25T16:45:36","slug":"vmksz-tabor-2018","status":"publish","type":"post","link":"http:\/\/vmksz.hu\/wpnew\/2018\/07\/25\/vmksz-tabor-2018\/","title":{"rendered":"VMKSZ T\u00e1bor 2018"},"content":{"rendered":"<p style=\"text-align: justify;\">A Veszpr\u00e9m Megyei K\u00e9zilabda Sz\u00f6vets\u00e9g b\u00fcszk\u00e9n jelenti be, hogy 2018. j\u00falius 16-20. k\u00f6z\u00f6tt sikeresen megtartotta els\u0151 j\u00f3t\u00e9konys\u00e1gi gyerekt\u00e1bor\u00e1t. A kezdem\u00e9nyez\u00e9s c\u00e9lja olyan gyermekek t\u00e1boroztat\u00e1sa volt, akik sz\u00e1m\u00e1ra id\u00e9n m\u00e9g nem biztos\u00edtottak hasonl\u00f3 sportfoglalkoztat\u00e1st.<\/p>\n<p style=\"text-align: justify;\">A napk\u00f6zis jelleg\u0171 t\u00e1borban 13 \u00e1ltal\u00e1nos iskol\u00e1s gyermek vett r\u00e9szt, fi\u00fak \u00e9s l\u00e1nyok vegyesen. A kiv\u00e1laszt\u00e1sban nagy seg\u00edts\u00e9get jelentettek a veszpr\u00e9mi testnevel\u0151tan\u00e1rok, akikhez b\u00e1tran fordultunk seg\u00edts\u00e9g\u00e9rt, hiszen kiv\u00e1l\u00f3 pedag\u00f3gusk\u00e9nt \u0151k jobban ismerik a gyerekeket.<\/p>\n<p style=\"text-align: justify;\">Az egyhetes programsorozat alatt rengeteg sportfoglalkoz\u00e1son vettek r\u00e9szt a t\u00e1boroz\u00f3k \u00e9s fel\u00fcgyel\u0151ik. D\u00e9lut\u00e1ni program keret\u00e9ben a strandk\u00e9zilabd\u00e1val is megismerkedhettek a gyerekek, akik nagy \u00e9lvezettel igyekeztek elsaj\u00e1t\u00edtani ezt az egyedi j\u00e1t\u00e9kot. A k\u00e9zilabda mellett kalandparkoz\u00e1sra is sor ker\u00fclt a Sobri J\u00f3ska Kalandparkban, ahol szint\u00e9n egy sportos napot siker\u00fclt elt\u00f6lteni.<\/p>\n<p style=\"text-align: justify;\">A visszajelz\u00e9sek alapj\u00e1n a t\u00e1bor el\u00e9rte c\u00e9lj\u00e1t, a gyerekek nap mint nap \u00faj \u00e9lm\u00e9nyekkel t\u00e9rtek haza.<\/p>\n<p style=\"text-align: justify;\">A t\u00e1bor k\u00f6lts\u00e9geit a janu\u00e1rban megrendezett HandB\u00e1l tombolaj\u00e1t\u00e9k\u00e1b\u00f3l befolyt \u00f6sszeg fedezte, \u00edgy a gyerekek \u00e9s csal\u00e1djaik sz\u00e1m\u00e1ra a t\u00e1bor k\u00f6lts\u00e9gekt\u0151l mentes volt. Az \u00e9tkez\u00e9s mag\u00e1ba foglalta a reggelit, az eb\u00e9det \u00e9s az uzsonn\u00e1t is.<\/p>\n<p style=\"text-align: justify;\">Fontos kiemelni, hogy a t\u00e1bor \u00f3ri\u00e1si sportbar\u00e1ti \u00f6sszefog\u00e1s eredm\u00e9nye. A k\u00f6rnyez\u0151 sportegyes\u00fcletek \u00e9s szervezetek seg\u00edts\u00e9ge p\u00e9lda\u00e9rt\u00e9k\u0171 volt, melyet ez \u00faton is k\u00f6sz\u00f6n\u00fcnk. \u00d6r\u00f6m l\u00e1tni, hogy szinte azonnal seg\u00edts\u00e9get ny\u00fajtott mindenki, \u00e9s egy j\u00f3 c\u00e9l \u00e9rdek\u00e9ben a sport ism\u00e9telten \u00f6sszekov\u00e1csolta k\u00f6z\u00f6ss\u00e9g\u00fcnket.<\/p>\n<p style=\"text-align: justify;\">B\u00edzunk benne, hogy siker\u00fcl hagyom\u00e1nyt teremten\u00fcnk, \u00e9s j\u00f6v\u0151re is ugyanilyen elsz\u00e1nts\u00e1ggal \u00e9s odaad\u00e1ssal ker\u00fcl megrendez\u00e9sre a VMKSZ T\u00e1bor.<\/p>\n<p><u>Akik a t\u00e1borhoz seg\u00edts\u00e9get ny\u00fajtottak:<\/u><\/p>\n<ul>\n<li><strong>Als\u00f3\u00f6rsi Strand<\/strong><\/li>\n<li><strong>Balaton R\u00e9-Busz 98 Kft.<\/strong> \u2013 utaz\u00e1s<\/li>\n<li><strong>\u00c9les J\u00f3zsef<\/strong> \u2013 sportcsarnok, eszk\u00f6z\u00f6k, p\u00f3l\u00f3k<\/li>\n<li><strong>F\u00f6ldesi Csaba<\/strong> \u2013 edz\u00e9s<\/li>\n<li><strong>Guly\u00e1s P\u00e9ter<\/strong> \u2013 edz\u00e9s<\/li>\n<li><strong>HandB\u00e1l \u00e9s vend\u00e9gei<\/strong><\/li>\n<li><strong>Kov\u00e1cs Istv\u00e1n<\/strong> \u2013 edz\u00e9s<\/li>\n<li><strong>Mikrohung\u00e1ria Sport Kft.<\/strong> \u2013 p\u00f3l\u00f3k, sapk\u00e1k<\/li>\n<li><strong>Napraforg\u00f3 \u00d3voda \u00e9s B\u00f6lcs\u0151de, Als\u00f3\u00f6rs<\/strong> \u2013 \u00e9tkez\u00e9s<\/li>\n<li><strong>Sobri J\u00f3ska Kalandpark<\/strong><\/li>\n<li><strong>Szobol Zsolt<\/strong> &#8211; edz\u00e9s<\/li>\n<\/ul>\n<!-- index.php -->\n<div\n\tclass=\"ngg-galleryoverview ngg-ajax-pagination-none\"\n\tid=\"ngg-gallery-806e03d12c11dc34876d3f5a75c0db3d-1\">\n\n    \t<div class=\"slideshowlink\">\n        <a href='http:\/\/vmksz.hu\/wpnew\/2018\/07\/25\/vmksz-tabor-2018\/nggallery\/slideshow'>&#091;Diavet\u00edt\u00e9s ind\u00edt\u00e1sa&#093;<\/a>\n\t\t\n\t<\/div>\n\t\t\t<!-- Thumbnails -->\n\t\t\t\t<div id=\"ngg-image-0\" class=\"ngg-gallery-thumbnail-box\" >\n\t\t\t\t        <div class=\"ngg-gallery-thumbnail\">\n            <a href=\"http:\/\/vmksz.hu\/wpnew\/wp-content\/gallery\/vmksz-tabor-2018\/20180716_1324060.jpg\"\n               title=\"\"\n               data-src=\"http:\/\/vmksz.hu\/wpnew\/wp-content\/gallery\/vmksz-tabor-2018\/20180716_1324060.jpg\"\n               data-thumbnail=\"http:\/\/vmksz.hu\/wpnew\/wp-content\/gallery\/vmksz-tabor-2018\/thumbs\/thumbs_20180716_1324060.jpg\"\n               data-image-id=\"7\"\n               data-title=\"20180716_132406(0)\"\n               data-description=\"\"\n               data-image-slug=\"20180716_1324060\"\n               class=\"ngg-fancybox\" rel=\"806e03d12c11dc34876d3f5a75c0db3d\">\n                <img\n                    title=\"20180716_132406(0)\"\n                    alt=\"20180716_132406(0)\"\n                    src=\"http:\/\/vmksz.hu\/wpnew\/wp-content\/gallery\/vmksz-tabor-2018\/thumbs\/thumbs_20180716_1324060.jpg\"\n                    width=\"240\"\n                    height=\"160\"\n                    style=\"max-width:100%;\"\n                \/>\n            <\/a>\n        <\/div>\n\t\t\t\t\t\t\t<\/div> \n\t\t\t\n        \n\t\t\t\t<div id=\"ngg-image-1\" class=\"ngg-gallery-thumbnail-box\" >\n\t\t\t\t        <div class=\"ngg-gallery-thumbnail\">\n            <a href=\"http:\/\/vmksz.hu\/wpnew\/wp-content\/gallery\/vmksz-tabor-2018\/20180718_112506.jpg\"\n               title=\"\"\n               data-src=\"http:\/\/vmksz.hu\/wpnew\/wp-content\/gallery\/vmksz-tabor-2018\/20180718_112506.jpg\"\n               data-thumbnail=\"http:\/\/vmksz.hu\/wpnew\/wp-content\/gallery\/vmksz-tabor-2018\/thumbs\/thumbs_20180718_112506.jpg\"\n               data-image-id=\"8\"\n               data-title=\"20180718_112506\"\n               data-description=\"\"\n               data-image-slug=\"20180718_112506\"\n               class=\"ngg-fancybox\" rel=\"806e03d12c11dc34876d3f5a75c0db3d\">\n                <img\n                    title=\"20180718_112506\"\n                    alt=\"20180718_112506\"\n                    src=\"http:\/\/vmksz.hu\/wpnew\/wp-content\/gallery\/vmksz-tabor-2018\/thumbs\/thumbs_20180718_112506.jpg\"\n                    width=\"240\"\n                    height=\"160\"\n                    style=\"max-width:100%;\"\n                \/>\n            <\/a>\n        <\/div>\n\t\t\t\t\t\t\t<\/div> \n\t\t\t\n        \n\t\t\t\t<div id=\"ngg-image-2\" class=\"ngg-gallery-thumbnail-box\" >\n\t\t\t\t        <div class=\"ngg-gallery-thumbnail\">\n            <a href=\"http:\/\/vmksz.hu\/wpnew\/wp-content\/gallery\/vmksz-tabor-2018\/20180720_090949.jpg\"\n               title=\"\"\n               data-src=\"http:\/\/vmksz.hu\/wpnew\/wp-content\/gallery\/vmksz-tabor-2018\/20180720_090949.jpg\"\n               data-thumbnail=\"http:\/\/vmksz.hu\/wpnew\/wp-content\/gallery\/vmksz-tabor-2018\/thumbs\/thumbs_20180720_090949.jpg\"\n               data-image-id=\"9\"\n               data-title=\"20180720_090949\"\n               data-description=\"\"\n               data-image-slug=\"20180720_090949\"\n               class=\"ngg-fancybox\" rel=\"806e03d12c11dc34876d3f5a75c0db3d\">\n                <img\n                    title=\"20180720_090949\"\n                    alt=\"20180720_090949\"\n                    src=\"http:\/\/vmksz.hu\/wpnew\/wp-content\/gallery\/vmksz-tabor-2018\/thumbs\/thumbs_20180720_090949.jpg\"\n                    width=\"240\"\n                    height=\"160\"\n                    style=\"max-width:100%;\"\n                \/>\n            <\/a>\n        <\/div>\n\t\t\t\t\t\t\t<\/div> \n\t\t\t\n        \n\t\t\t\t<div id=\"ngg-image-3\" class=\"ngg-gallery-thumbnail-box\" >\n\t\t\t\t        <div class=\"ngg-gallery-thumbnail\">\n            <a href=\"http:\/\/vmksz.hu\/wpnew\/wp-content\/gallery\/vmksz-tabor-2018\/20180720_094026.jpg\"\n               title=\"\"\n               data-src=\"http:\/\/vmksz.hu\/wpnew\/wp-content\/gallery\/vmksz-tabor-2018\/20180720_094026.jpg\"\n               data-thumbnail=\"http:\/\/vmksz.hu\/wpnew\/wp-content\/gallery\/vmksz-tabor-2018\/thumbs\/thumbs_20180720_094026.jpg\"\n               data-image-id=\"10\"\n               data-title=\"20180720_094026\"\n               data-description=\"\"\n               data-image-slug=\"20180720_094026\"\n               class=\"ngg-fancybox\" rel=\"806e03d12c11dc34876d3f5a75c0db3d\">\n                <img\n                    title=\"20180720_094026\"\n                    alt=\"20180720_094026\"\n                    src=\"http:\/\/vmksz.hu\/wpnew\/wp-content\/gallery\/vmksz-tabor-2018\/thumbs\/thumbs_20180720_094026.jpg\"\n                    width=\"240\"\n                    height=\"160\"\n                    style=\"max-width:100%;\"\n                \/>\n            <\/a>\n        <\/div>\n\t\t\t\t\t\t\t<\/div> \n\t\t\t\n        \n\t\t\t\t<div id=\"ngg-image-4\" class=\"ngg-gallery-thumbnail-box\" >\n\t\t\t\t        <div class=\"ngg-gallery-thumbnail\">\n            <a href=\"http:\/\/vmksz.hu\/wpnew\/wp-content\/gallery\/vmksz-tabor-2018\/20180720_164914.jpg\"\n               title=\"\"\n               data-src=\"http:\/\/vmksz.hu\/wpnew\/wp-content\/gallery\/vmksz-tabor-2018\/20180720_164914.jpg\"\n               data-thumbnail=\"http:\/\/vmksz.hu\/wpnew\/wp-content\/gallery\/vmksz-tabor-2018\/thumbs\/thumbs_20180720_164914.jpg\"\n               data-image-id=\"11\"\n               data-title=\"20180720_164914\"\n               data-description=\"\"\n               data-image-slug=\"20180720_164914\"\n               class=\"ngg-fancybox\" rel=\"806e03d12c11dc34876d3f5a75c0db3d\">\n                <img\n                    title=\"20180720_164914\"\n                    alt=\"20180720_164914\"\n                    src=\"http:\/\/vmksz.hu\/wpnew\/wp-content\/gallery\/vmksz-tabor-2018\/thumbs\/thumbs_20180720_164914.jpg\"\n                    width=\"240\"\n                    height=\"160\"\n                    style=\"max-width:100%;\"\n                \/>\n            <\/a>\n        <\/div>\n\t\t\t\t\t\t\t<\/div> \n\t\t\t\n        \n\t\t\n\t\t<!-- Pagination -->\n\t<div class='ngg-clear'><\/div>\t<\/div>\n\n<p>&nbsp;<\/p>\n<p>A Magyar K\u00e9zilabda Sz\u00f6vets\u00e9g oldal\u00e1n megjelent cikk a t\u00e1borral kapcsolatban:&nbsp;<a href=\"http:\/\/keziszovetseg.hu\/v2h\/003\/003\/p_003.asp?p_hir_kod=566&amp;p_hir_kod_ev=2018&amp;p_fo_cim=Gyerektabor%20Veszpremben\">http:\/\/keziszovetseg.hu\/v2h\/003\/003\/p_003.asp?p_hir_kod=566&amp;p_hir_kod_ev=2018&amp;p_fo_cim=Gyerektabor%20Veszpremben<\/a><\/p>\n","protected":false},"excerpt":{"rendered":"<p>A Veszpr\u00e9m Megyei K\u00e9zilabda Sz\u00f6vets\u00e9g b\u00fcszk\u00e9n jelenti be, hogy 2018. j\u00falius 16-20. k\u00f6z\u00f6tt sikeresen megtartotta els\u0151 j\u00f3t\u00e9konys\u00e1gi gyerekt\u00e1bor\u00e1t. A kezdem\u00e9nyez\u00e9s c\u00e9lja olyan gyermekek t\u00e1boroztat\u00e1sa volt, akik sz\u00e1m\u00e1ra id\u00e9n m\u00e9g nem biztos\u00edtottak hasonl\u00f3 sportfoglalkoztat\u00e1st. A napk\u00f6zis jelleg\u0171 t\u00e1borban 13 \u00e1ltal\u00e1nos iskol\u00e1s gyermek vett r\u00e9szt, fi\u00fak \u00e9s l\u00e1nyok vegyesen. A kiv\u00e1laszt\u00e1sban nagy seg\u00edts\u00e9get jelentettek a veszpr\u00e9mi testnevel\u0151tan\u00e1rok, &hellip; <\/p>\n<p class=\"link-more\"><a href=\"http:\/\/vmksz.hu\/wpnew\/2018\/07\/25\/vmksz-tabor-2018\/\" class=\"more-link\"><span class=\"screen-reader-text\">&#8222;VMKSZ T\u00e1bor 2018&#8221;<\/span> b\u0151vebben<\/a><\/p>\n","protected":false},"author":1,"featured_media":0,"comment_status":"closed","ping_status":"closed","sticky":false,"template":"","format":"standard","meta":{"ngg_post_thumbnail":0,"_monsterinsights_skip_tracking":false,"_monsterinsights_sitenote_active":false,"_monsterinsights_sitenote_note":"","_monsterinsights_sitenote_category":0,"footnotes":""},"categories":[1],"tags":[],"_links":{"self":[{"href":"http:\/\/vmksz.hu\/wpnew\/wp-json\/wp\/v2\/posts\/241"}],"collection":[{"href":"http:\/\/vmksz.hu\/wpnew\/wp-json\/wp\/v2\/posts"}],"about":[{"href":"http:\/\/vmksz.hu\/wpnew\/wp-json\/wp\/v2\/types\/post"}],"author":[{"embeddable":true,"href":"http:\/\/vmksz.hu\/wpnew\/wp-json\/wp\/v2\/users\/1"}],"replies":[{"embeddable":true,"href":"http:\/\/vmksz.hu\/wpnew\/wp-json\/wp\/v2\/comments?post=241"}],"version-history":[{"count":1,"href":"http:\/\/vmksz.hu\/wpnew\/wp-json\/wp\/v2\/posts\/241\/revisions"}],"predecessor-version":[{"id":242,"href":"http:\/\/vmksz.hu\/wpnew\/wp-json\/wp\/v2\/posts\/241\/revisions\/242"}],"wp:attachment":[{"href":"http:\/\/vmksz.hu\/wpnew\/wp-json\/wp\/v2\/media?parent=241"}],"wp:term":[{"taxonomy":"category","embeddable":true,"href":"http:\/\/vmksz.hu\/wpnew\/wp-json\/wp\/v2\/categories?post=241"},{"taxonomy":"post_tag","embeddable":true,"href":"http:\/\/vmksz.hu\/wpnew\/wp-json\/wp\/v2\/tags?post=241"}],"curies":[{"name":"wp","href":"https:\/\/api.w.org\/{rel}","templated":true}]}}