{"id":289,"date":"2018-08-01T17:35:46","date_gmt":"2018-08-01T17:35:46","guid":{"rendered":"http:\/\/vmksz.hu\/wpnew\/?p=289"},"modified":"2018-08-01T17:37:23","modified_gmt":"2018-08-01T17:37:23","slug":"szervezeti-valtozasok","status":"publish","type":"post","link":"http:\/\/vmksz.hu\/wpnew\/2018\/08\/01\/szervezeti-valtozasok\/","title":{"rendered":"Szervezeti v\u00e1ltoz\u00e1sok"},"content":{"rendered":"<p style=\"text-align: justify;\">A Magyar K\u00e9zilabda Sz\u00f6vets\u00e9g eln\u00f6ks\u00e9ge a 70\/2018.(VI.29.) hat\u00e1rozat\u00e1val elfogadta a Megyei (Budapesti) K\u00e9zilabda Sz\u00f6vets\u00e9gek Egys\u00e9ges Szervezeti \u00e9s M\u0171k\u00f6d\u00e9si Szab\u00e1lyzat\u00e1nak m\u00f3dos\u00edt\u00e1s\u00e1t. Ennek \u00e9rtelm\u00e9ben a v\u00e1lasztott tiszts\u00e9gek, a k\u00f6zgy\u0171l\u00e9s \u00e9s eln\u00f6ks\u00e9g megsz\u0171nt \u00e9s egy \u00faj szervezeti m\u0171k\u00f6d\u00e9si rendszer veszi kezdet\u00e9t. Augusztus 1-t\u0151l az \u00faj appar\u00e1tus kezdi meg munk\u00e1j\u00e1t.<\/p>\n<p>Az \u00faj appar\u00e1tus \u00f6sszet\u00e9tel\u00e9t a <em>Sz\u00f6vets\u00e9g<\/em> men\u00fcponton bel\u00fcl tal\u00e1lja vagy <a href=\"http:\/\/vmksz.hu\/wpnew\/apparatus\/\">ITT<\/a> tekintheti meg.<\/p>\n","protected":false},"excerpt":{"rendered":"<p>A Magyar K\u00e9zilabda Sz\u00f6vets\u00e9g eln\u00f6ks\u00e9ge a 70\/2018.(VI.29.) hat\u00e1rozat\u00e1val elfogadta a Megyei (Budapesti) K\u00e9zilabda Sz\u00f6vets\u00e9gek Egys\u00e9ges Szervezeti \u00e9s M\u0171k\u00f6d\u00e9si Szab\u00e1lyzat\u00e1nak m\u00f3dos\u00edt\u00e1s\u00e1t. Ennek \u00e9rtelm\u00e9ben a v\u00e1lasztott tiszts\u00e9gek, a k\u00f6zgy\u0171l\u00e9s \u00e9s eln\u00f6ks\u00e9g megsz\u0171nt \u00e9s egy \u00faj szervezeti m\u0171k\u00f6d\u00e9si rendszer veszi kezdet\u00e9t. Augusztus 1-t\u0151l az \u00faj appar\u00e1tus kezdi meg munk\u00e1j\u00e1t. Az \u00faj appar\u00e1tus \u00f6sszet\u00e9tel\u00e9t a Sz\u00f6vets\u00e9g men\u00fcponton bel\u00fcl tal\u00e1lja &hellip; <\/p>\n<p class=\"link-more\"><a href=\"http:\/\/vmksz.hu\/wpnew\/2018\/08\/01\/szervezeti-valtozasok\/\" class=\"more-link\"><span class=\"screen-reader-text\">&#8222;Szervezeti v\u00e1ltoz\u00e1sok&#8221;<\/span> b\u0151vebben<\/a><\/p>\n","protected":false},"author":1,"featured_media":0,"comment_status":"closed","ping_status":"closed","sticky":false,"template":"","format":"standard","meta":{"ngg_post_thumbnail":0,"_monsterinsights_skip_tracking":false,"_monsterinsights_sitenote_active":false,"_monsterinsights_sitenote_note":"","_monsterinsights_sitenote_category":0,"footnotes":""},"categories":[1],"tags":[],"_links":{"self":[{"href":"http:\/\/vmksz.hu\/wpnew\/wp-json\/wp\/v2\/posts\/289"}],"collection":[{"href":"http:\/\/vmksz.hu\/wpnew\/wp-json\/wp\/v2\/posts"}],"about":[{"href":"http:\/\/vmksz.hu\/wpnew\/wp-json\/wp\/v2\/types\/post"}],"author":[{"embeddable":true,"href":"http:\/\/vmksz.hu\/wpnew\/wp-json\/wp\/v2\/users\/1"}],"replies":[{"embeddable":true,"href":"http:\/\/vmksz.hu\/wpnew\/wp-json\/wp\/v2\/comments?post=289"}],"version-history":[{"count":3,"href":"http:\/\/vmksz.hu\/wpnew\/wp-json\/wp\/v2\/posts\/289\/revisions"}],"predecessor-version":[{"id":313,"href":"http:\/\/vmksz.hu\/wpnew\/wp-json\/wp\/v2\/posts\/289\/revisions\/313"}],"wp:attachment":[{"href":"http:\/\/vmksz.hu\/wpnew\/wp-json\/wp\/v2\/media?parent=289"}],"wp:term":[{"taxonomy":"category","embeddable":true,"href":"http:\/\/vmksz.hu\/wpnew\/wp-json\/wp\/v2\/categories?post=289"},{"taxonomy":"post_tag","embeddable":true,"href":"http:\/\/vmksz.hu\/wpnew\/wp-json\/wp\/v2\/tags?post=289"}],"curies":[{"name":"wp","href":"https:\/\/api.w.org\/{rel}","templated":true}]}}