{"id":338,"date":"2018-09-04T10:37:10","date_gmt":"2018-09-04T10:37:10","guid":{"rendered":"http:\/\/vmksz.hu\/wpnew\/?p=338"},"modified":"2018-09-04T12:12:28","modified_gmt":"2018-09-04T12:12:28","slug":"elit-program","status":"publish","type":"post","link":"http:\/\/vmksz.hu\/wpnew\/2018\/09\/04\/elit-program\/","title":{"rendered":"Elit Program"},"content":{"rendered":"<p style=\"text-align: justify;\">Al\u00e1\u00edrt\u00e1k az Elit Program Veszpr\u00e9m megyei tagjai a szerz\u0151d\u00e9seiket a Sz\u00f6vets\u00e9g k\u00e9pvisel\u0151ivel. A program szakmai t\u00e1mogat\u00e1st kap az MKSZ r\u00e9sz\u00e9r\u0151l, ezenk\u00edv\u00fcl \u00f6szt\u00f6nd\u00edjat \u00e9s kiemelked\u0151 sportorvosi ell\u00e1t\u00e1st is biztos\u00edt. Az Elit Programban szerepl\u0151 j\u00e1t\u00e9kosok f\u00e9l\u00e9vente ellen\u0151rz\u00e9sen vesznek r\u00e9szt, \u00e9s amennyiben az \u00e1llapot nem megfelel\u0151, \u00fagy ki is lehet ker\u00fclni ebb\u0151l a programb\u00f3l.<\/p>\n<p><span style=\"text-decoration: underline;\">Veszpr\u00e9mi K\u00e9zilabda Akad\u00e9mia<\/span>: Szuharev Lev, Nkousa D\u00e1vid, K\u0151hegyi \u00c1kos, Palaiscs Krist\u00f3f<\/p>\n<p><span style=\"text-decoration: underline;\">Balatonf\u00fcredi KSE<\/span>: Hat\u00e1r P\u00e9ter, Hutvagner \u00c1kos, Vajda Huba<\/p>\n<p>A j\u00e1t\u00e9kos klubja egyszeri p\u00e9nzjuttat\u00e1st kap a tehets\u00e9g kinevel\u00e9s\u00e9\u00e9rt.&nbsp;<\/p>\n<p><strong>Gratul\u00e1lunk a beker\u00fclteknek!<\/strong><\/p>\n","protected":false},"excerpt":{"rendered":"<p>Al\u00e1\u00edrt\u00e1k az Elit Program Veszpr\u00e9m megyei tagjai a szerz\u0151d\u00e9seiket a Sz\u00f6vets\u00e9g k\u00e9pvisel\u0151ivel. A program szakmai t\u00e1mogat\u00e1st kap az MKSZ r\u00e9sz\u00e9r\u0151l, ezenk\u00edv\u00fcl \u00f6szt\u00f6nd\u00edjat \u00e9s kiemelked\u0151 sportorvosi ell\u00e1t\u00e1st is biztos\u00edt. Az Elit Programban szerepl\u0151 j\u00e1t\u00e9kosok f\u00e9l\u00e9vente ellen\u0151rz\u00e9sen vesznek r\u00e9szt, \u00e9s amennyiben az \u00e1llapot nem megfelel\u0151, \u00fagy ki is lehet ker\u00fclni ebb\u0151l a programb\u00f3l. Veszpr\u00e9mi K\u00e9zilabda Akad\u00e9mia: Szuharev &hellip; <\/p>\n<p class=\"link-more\"><a href=\"http:\/\/vmksz.hu\/wpnew\/2018\/09\/04\/elit-program\/\" class=\"more-link\"><span class=\"screen-reader-text\">&#8222;Elit Program&#8221;<\/span> b\u0151vebben<\/a><\/p>\n","protected":false},"author":1,"featured_media":0,"comment_status":"closed","ping_status":"closed","sticky":false,"template":"","format":"standard","meta":{"ngg_post_thumbnail":0,"_monsterinsights_skip_tracking":false,"_monsterinsights_sitenote_active":false,"_monsterinsights_sitenote_note":"","_monsterinsights_sitenote_category":0,"footnotes":""},"categories":[1],"tags":[],"_links":{"self":[{"href":"http:\/\/vmksz.hu\/wpnew\/wp-json\/wp\/v2\/posts\/338"}],"collection":[{"href":"http:\/\/vmksz.hu\/wpnew\/wp-json\/wp\/v2\/posts"}],"about":[{"href":"http:\/\/vmksz.hu\/wpnew\/wp-json\/wp\/v2\/types\/post"}],"author":[{"embeddable":true,"href":"http:\/\/vmksz.hu\/wpnew\/wp-json\/wp\/v2\/users\/1"}],"replies":[{"embeddable":true,"href":"http:\/\/vmksz.hu\/wpnew\/wp-json\/wp\/v2\/comments?post=338"}],"version-history":[{"count":4,"href":"http:\/\/vmksz.hu\/wpnew\/wp-json\/wp\/v2\/posts\/338\/revisions"}],"predecessor-version":[{"id":342,"href":"http:\/\/vmksz.hu\/wpnew\/wp-json\/wp\/v2\/posts\/338\/revisions\/342"}],"wp:attachment":[{"href":"http:\/\/vmksz.hu\/wpnew\/wp-json\/wp\/v2\/media?parent=338"}],"wp:term":[{"taxonomy":"category","embeddable":true,"href":"http:\/\/vmksz.hu\/wpnew\/wp-json\/wp\/v2\/categories?post=338"},{"taxonomy":"post_tag","embeddable":true,"href":"http:\/\/vmksz.hu\/wpnew\/wp-json\/wp\/v2\/tags?post=338"}],"curies":[{"name":"wp","href":"https:\/\/api.w.org\/{rel}","templated":true}]}}