{"id":49,"date":"2018-07-04T13:08:08","date_gmt":"2018-07-04T13:08:08","guid":{"rendered":"http:\/\/vmksz.hu\/wpnew\/?p=49"},"modified":"2018-07-05T19:18:34","modified_gmt":"2018-07-05T19:18:34","slug":"korabbi-hireink","status":"publish","type":"post","link":"http:\/\/vmksz.hu\/wpnew\/2018\/07\/04\/korabbi-hireink\/","title":{"rendered":"Kor\u00e1bbi h\u00edreink"},"content":{"rendered":"<h1 style=\"text-align: center;\">Tiszt\u00faj\u00edt\u00f3 K\u00f6zgy\u0171l\u00e9s Veszpr\u00e9m megy\u00e9ben<\/h1>\n<p style=\"text-align: justify;\">2018. \u00e1prilis 24.-\u00e9n tiszt\u00faj\u00edt\u00f3 k\u00f6zgy\u0171l\u00e9st tartottak a Veszpr\u00e9m Megyei K\u00e9zilabda Sz\u00f6vets\u00e9gn\u00e9l. A 28 tagszervezet k\u00f6z\u00fcl 23 jelenl\u00e9t\u00e9vel megtisztelte a k\u00f6zgy\u0171l\u00e9st. Az el\u0151terjeszt\u00e9seket, besz\u00e1mol\u00f3kat egy\u00f6ntet\u0171 szavaz\u00e1s mellett a tagszervezetek j\u00f3v\u00e1hagyt\u00e1k. Hozz\u00e1sz\u00f3l\u00e1saik nagyon pozit\u00edvan \u00e9rt\u00e9kelt\u00e9k az elm\u00falt 4 \u00e9v munk\u00e1j\u00e1t.<\/p>\n<p style=\"text-align: justify;\">A k\u00f6zgy\u0171l\u00e9s a szavazataival meger\u0151s\u00edtette az el\u0151z\u0151 ciklusban tev\u00e9kenyked\u0151 eln\u00f6k\u00f6t \u00e9s eln\u00f6ks\u00e9gi tagokat. Ennek \u00e9rtelm\u00e9ben, Veszpr\u00e9m megy\u00e9ben 2018 \u00e9s 2022 k\u00f6z\u00f6tt az al\u00e1bbi \u00f6sszet\u00e9telben m\u0171k\u00f6dik tov\u00e1bb.<\/p>\n<p>So\u00f3s K\u00e1lm\u00e1n, eln\u00f6k \u2013 Veszpr\u00e9m<\/p>\n<p><strong>Eln\u00f6ks\u00e9gi tagok:<\/strong><\/p>\n<p>Pischn\u00e9 Bank\u00f3 Zsuzsanna, aleln\u00f6k \u2013 Veszpr\u00e9m<br \/>\nBak B\u00e9la \u2013 Tapolca<br \/>\nBene Tam\u00e1s \u2013 Balatonf\u00fcred<br \/>\nB\u00f3na Szabolcs \u2013 Veszpr\u00e9m<br \/>\nKoszor\u00fas Katalin \u2013 Veszpr\u00e9m<br \/>\nN\u00e9meth Csaba \u2013 Veszpr\u00e9m<br \/>\nN\u00e9meth L\u00e1szl\u00f3 \u2013 R\u00e9vf\u00fcl\u00f6p<br \/>\nPozsgai L\u00e1szl\u00f3 \u2013 P\u00e1pa<\/p>\n<p><strong>Fel\u00fcgyel\u0151bizotts\u00e1gi tagok:<\/strong><\/p>\n<p>Pusk\u00e1s \u00c1kos \u2013 Tapolca<br \/>\nSzeghalmi Gy\u00f6rgy \u2013 Veszpr\u00e9m<br \/>\nVarga Zolt\u00e1n \u2013 V\u00e1rpalota<\/p>\n<h3><a href=\"http:\/\/www.vmksz.hu\/vmkszwp\/wp-content\/uploads\/2016\/09\/tiszt%C3%BAj%C3%ADt%C3%B31.jpg\"><img loading=\"lazy\" decoding=\"async\" class=\"alignnone size-large wp-image-813\" src=\"http:\/\/www.vmksz.hu\/vmkszwp\/wp-content\/uploads\/2016\/09\/tiszt%C3%BAj%C3%ADt%C3%B31-957x1024.jpg\" alt=\"tiszt\u00faj\u00edt\u00f31\" width=\"750\" height=\"803\"><\/a><\/h3>\n<h1 style=\"text-align: center;\">&nbsp;\u00c9vk\u00f6zi vizsga a j\u00e1t\u00e9kvezet\u0151kn\u00e9l<\/h1>\n<p style=\"text-align: justify;\">Az MKSZ J\u00e1t\u00e9kvezet\u0151i Albizotts\u00e1ga \u2013 a megyei J\u00e1t\u00e9kvezet\u0151i Bizotts\u00e1gokkal egy\u00fcttm\u0171k\u00f6dve \u2013 k\u00f6zel 700 j\u00e1t\u00e9kvezet\u0151 r\u00e9sz\u00e9re tartott a K\u00f6vetelm\u00e9nyrendszerben meghat\u00e1rozottak szerinti \u00e9vk\u00f6zi fizikai, elm\u00e9leti \u00e9s vide\u00f3tesztel\u00e9seket. A vizsg\u00e1kon a r\u00e9sztvev\u0151k \u00e1tlag\u00e9letkora 29,4 \u00e9let\u00e9v, illetve a n\u0151k ar\u00e1nya 32% volt az \u00f6sszes vizsg\u00e1z\u00f3t tekintve. A fizikai \u2013 Cooper-fut\u00e1s \u2013 felm\u00e9r\u00e9sen t\u00f6bben kiemelked\u0151en, b\u0151ven az elv\u00e1rt szint felett teljes\u00edtettek, a vizsg\u00e1z\u00f3k 10%-a 2800 m\u00e9tern\u00e9l t\u00f6bbet futott a 12 perces felm\u00e9r\u00e9s sor\u00e1n. Az elm\u00e9leti \u00e9s a vide\u00f3teszteket a j\u00e1t\u00e9kvezet\u0151k t\u00f6bb mint 92% sikeresen teljes\u00edtette.<\/p>\n<h3>&nbsp;<a href=\"http:\/\/www.vmksz.hu\/vmkszwp\/wp-content\/uploads\/2016\/09\/hirek_kep.jpg\"><img loading=\"lazy\" decoding=\"async\" class=\"alignnone size-full wp-image-810\" src=\"http:\/\/www.vmksz.hu\/vmkszwp\/wp-content\/uploads\/2016\/09\/hirek_kep.jpg\" alt=\"hirek_kep\" width=\"620\" height=\"350\"><\/a><\/h3>\n<h1 style=\"text-align: center;\">Ism\u00e9t megrendez\u00e9sre ker\u00fcl a HandB\u00e1l!<\/h1>\n<p style=\"text-align: justify;\">Id\u00e9n el\u00f6sz\u00f6r nem csak a j\u00e1t\u00e9kosok, edz\u0151k, j\u00e1t\u00e9kvezet\u0151k hanem a szurkol\u00f3kat is sok szertettel v\u00e1rjuk!<\/p>\n<p><a href=\"http:\/\/www.vmksz.hu\/vmkszwp\/wp-content\/uploads\/2016\/09\/Plak%C3%A1t.jpg\"><img loading=\"lazy\" decoding=\"async\" class=\"alignnone size-large wp-image-799\" src=\"http:\/\/www.vmksz.hu\/vmkszwp\/wp-content\/uploads\/2016\/09\/Plak%C3%A1t-745x1024.jpg\" alt=\"Plak\u00e1t\" width=\"745\" height=\"1024\"><\/a><\/p>\n<h1 style=\"text-align: center;\">D\u00edjaztuk a megyei k\u00e9zilabda-bajnoks\u00e1g legjobbjait!<\/h1>\n<p style=\"text-align: justify;\">H\u00e9tf\u0151 este a Grund Sportb\u00e1rban k\u00e9t, az edz\u0151k \u00e1ltal a h\u00f3napban legjobbnak \u00edt\u00e9lt, j\u00e1t\u00e9kos vehette \u00e1t a j\u00f3l meg\u00e9rdemelt \u201cA h\u00f3nap legjobb j\u00e1t\u00e9kosa\u201d c\u00edmet \u00e9s az ezzel j\u00e1r\u00f3 Molten labd\u00e1t, amit a Mikrohung\u00e1ria Sport Kft. t\u00e1mogat\u00e1sa tett lehet\u0151v\u00e9.<\/p>\n<p style=\"text-align: justify;\">A h\u00f6lgyekn\u00e9l P\u00e9kn\u00e9 De\u00e1k Brigitta (\u0150si Andreotti SE), az urakn\u00e1l pedig F\u00e1bi\u00e1n Bal\u00e1zs (KK Ajka) zsebelte be a c\u00edmet.<\/p>\n<p style=\"text-align: justify;\"><a href=\"http:\/\/www.vmksz.hu\/vmkszwp\/wp-content\/uploads\/2016\/09\/megyei.jpg\"><img loading=\"lazy\" decoding=\"async\" class=\"alignnone size-full wp-image-791\" src=\"http:\/\/www.vmksz.hu\/vmkszwp\/wp-content\/uploads\/2016\/09\/megyei.jpg\" alt=\"megyei\" width=\"761\" height=\"507\"><\/a>A d\u00edjakat \u00e1tadta Dr. So\u00f3s K\u00e1lm\u00e1n a VMKSZ eln\u00f6ke, T\u00f3bi\u00e1s Rich\u00e1rd a VMKSZ versenybizotts\u00e1g\u00e1nak vezet\u0151je \u00e9s a Mikrohung\u00e1ria Sport Kft. k\u00e9pviselet\u00e9ben F\u00fcrjes D\u00e9nes.<\/p>\n<h1 style=\"text-align: center;\">Szakmai Nap Veszpr\u00e9mben!<\/h1>\n<div>\n<div style=\"text-align: justify;\">Az el\u0151ad\u00e1sok megtekint\u00e9se mindenki sz\u00e1m\u00e1ra ingyenes!<\/div>\n<div style=\"text-align: justify;\">&nbsp;<\/div>\n<div style=\"text-align: justify;\">Id\u0151pont: 2017.november 27. h\u00e9tf\u0151 15.00 \u00f3ra<\/div>\n<\/div>\n<div style=\"text-align: justify;\">Helysz\u00edn: A Noszlopy G\u00e1sp\u00e1r Gimn\u00e1zium tornacsarnoka, 8200 Veszpr\u00e9m T\u00fcz\u00e9r utca 42.<\/div>\n<div style=\"text-align: justify;\">&nbsp;<\/div>\n<div style=\"text-align: justify;\">V\u00e1rjuk szeretettel egyes\u00fcleti edz\u0151ket, iskol\u00e1kban dolgoz\u00f3 edz\u0151ket \u00e9s testnevel\u0151 tan\u00e1rokat!<\/div>\n<div><a href=\"http:\/\/www.vmksz.hu\/vmkszwp\/wp-content\/uploads\/2016\/09\/kim-rasmussen-triscsuk-krisztina-320x180.jpg\"><img loading=\"lazy\" decoding=\"async\" class=\" size-full wp-image-788 aligncenter\" src=\"http:\/\/www.vmksz.hu\/vmkszwp\/wp-content\/uploads\/2016\/09\/kim-rasmussen-triscsuk-krisztina-320x180.jpg\" alt=\"kim-rasmussen-triscsuk-krisztina-320x180\" width=\"320\" height=\"180\"><\/a><\/div>\n<h1 style=\"text-align: center;\">Legy\u00e9l Te is J\u00e1t\u00e9kvezet\u0151!<\/h1>\n<p style=\"text-align: justify;\">A Veszpr\u00e9m Megyei K\u00e9zilabda Sz\u00f6vets\u00e9g J\u00e1t\u00e9kvezet\u0151i Bizotts\u00e1ga alapfok\u00fa j\u00e1t\u00e9kvezet\u0151i tanfolyamot ind\u00edt. V\u00e1rjuk minden jelenlegi vagy kor\u00e1bbi k\u00e9zilabd\u00e1z\u00f3, vagy a sport\u00e1gat kedvel\u0151 jelentkez\u00e9s\u00e9t, akik a j\u00f6v\u0151ben j\u00e1t\u00e9kvezet\u0151k\u00e9nt szeretn\u00e9nek a m\u00e9rk\u0151z\u00e9seken k\u00f6zrem\u0171k\u00f6dni.<\/p>\n<h5 style=\"text-align: justify;\">Nyit\u00f3 el\u0151ad\u00e1s: 2017. okt\u00f3ber 29.-\u00e9n 09:00-13:00-ig<\/h5>\n<p style=\"text-align: justify;\">(r\u00e9szletek a j\u00e1t\u00e9kvezet\u0151 tanfolyam men\u00fcpontra kattintva)<\/p>\n<h1 style=\"text-align: center;\">&nbsp;4 \u00e9ves szerz\u0151d\u00e9s a Mikrohung\u00e1ria Sport Kft.-vel!<\/h1>\n<p><a href=\"http:\/\/www.vmksz.hu\/vmkszwp\/wp-content\/uploads\/2016\/09\/molten.jpg\"><img loading=\"lazy\" decoding=\"async\" class=\"alignnone size-full wp-image-784\" src=\"http:\/\/www.vmksz.hu\/vmkszwp\/wp-content\/uploads\/2016\/09\/molten.jpg\" alt=\"molten\" width=\"960\" height=\"720\"><\/a><\/p>\n<p style=\"text-align: justify;\">2017.&nbsp; szeptember 6.-\u00e1n 4 \u00e9ves szerz\u0151d\u00e9st \u00edrt al\u00e1 sz\u00f6vets\u00e9g\u00fcnk eln\u00f6ke a Mikrohung\u00e1ria Sport Kft.-vel. Mostant\u00f3l a Veszpr\u00e9m megyei bajnoks\u00e1gban Molten labd\u00e1kkal j\u00e1tssz\u00e1k m\u00e9rk\u0151z\u00e9seiket csapataink. Minden megyei bajnoks\u00e1gban szerepl\u0151 csapat kapott 3-3 m\u00e9rk\u0151z\u00e9s labd\u00e1t \u00e9s 1-1 labdazs\u00e1kot a Veszpr\u00e9m Megyei K\u00e9zilabda Sz\u00f6vets\u00e9g j\u00f3volt\u00e1b\u00f3l!<\/p>\n<h1 style=\"text-align: center;\">Huszon\u00f6t \u00e9ve f\u00fajja a s\u00edpot a veszpr\u00e9mi p\u00e1ros!<\/h1>\n<p><a href=\"http:\/\/www.vmksz.hu\/vmkszwp\/wp-content\/uploads\/2016\/09\/img_5540-k.jpg\"><img loading=\"lazy\" decoding=\"async\" class=\"alignnone size-full wp-image-731\" src=\"http:\/\/www.vmksz.hu\/vmkszwp\/wp-content\/uploads\/2016\/09\/img_5540-k.jpg\" alt=\"img_5540-k\" width=\"711\" height=\"474\"><\/a><\/p>\n<p style=\"text-align: justify;\">Huszon\u00f6t \u00e9ves j\u00e1t\u00e9kvezet\u0151i p\u00e1lyafut\u00e1sa elismer\u00e9sek\u00e9nt serleget, a decemberi n\u0151i Eur\u00f3pa-bajnoks\u00e1gon val\u00f3 r\u00e9szv\u00e9tel\u00e9rt eml\u00e9kplakettet vehetett \u00e1t Horv\u00e1th P\u00e9ter \u00e9s Marton Bal\u00e1zs.<\/p>\n<h1 style=\"text-align: center;\">Legy\u00e9l Te is J\u00e1t\u00e9kvezet\u0151!<\/h1>\n<h6 style=\"text-align: justify;\">2016.11.13.-\u00e1n ism\u00e9t alapfok\u00fa k\u00e9zilabda j\u00e1t\u00e9kvezet\u0151i tanfolyam indult Veszpr\u00e9m&nbsp;megy\u00e9ben 15 f\u0151 r\u00e9szv\u00e9tel\u00e9vel.<\/h6>\n<h3 style=\"text-align: justify;\">Legy\u00e9l Te is J\u00e1t\u00e9kvezet\u0151!<\/h3>\n<p style=\"text-align: justify;\">A Veszpr\u00e9m Megyei K\u00e9zilabda Sz\u00f6vets\u00e9g J\u00e1t\u00e9kvezet\u0151i Bizotts\u00e1ga alapfok\u00fa j\u00e1t\u00e9kvezet\u0151i tanfolyamot ind\u00edt. V\u00e1rjuk minden jelenlegi vagy kor\u00e1bbi k\u00e9zilabd\u00e1z\u00f3, vagy a sport\u00e1gat kedvel\u0151 jelentkez\u00e9s\u00e9t, akik a j\u00f6v\u0151ben j\u00e1t\u00e9kvezet\u0151k\u00e9nt szeretn\u00e9nek a m\u00e9rk\u0151z\u00e9seken k\u00f6zrem\u0171k\u00f6dni.<\/p>\n<h5 style=\"text-align: justify;\">Nyit\u00f3 el\u0151ad\u00e1s: 2016. November.13.-\u00e1n 09:00-12:00-ig<\/h5>\n<p style=\"text-align: justify;\">(r\u00e9szletek a j\u00e1t\u00e9kvezet\u0151 tanfolyam men\u00fcpontra kattintva)<\/p>\n<p>&nbsp;<\/p>\n<h1 style=\"text-align: center;\">Okt\u00f3ber a MELLR\u00c1K ELLENI K\u00dcZDELEM R\u00d3ZSASZ\u00cdNBE \u00f6lt\u00f6z\u00f6tt h\u00f3napja.<\/h1>\n<p style=\"text-align: justify;\"><a href=\"http:\/\/www.vmksz.hu\/vmkszwp\/wp-content\/uploads\/2016\/09\/14724543_1142143819207511_5147626105420703189_n.jpg\"><img loading=\"lazy\" decoding=\"async\" class=\"alignnone size-full wp-image-706\" src=\"http:\/\/www.vmksz.hu\/vmkszwp\/wp-content\/uploads\/2016\/09\/14724543_1142143819207511_5147626105420703189_n.jpg\" alt=\"14724543_1142143819207511_5147626105420703189_n\" width=\"960\" height=\"726\"><\/a><br \/>\n\u00dark\u00fat SK N\u0151i K\u00e9zilabda csapata is csatlakozott ehhez \u00e9s igyekszik a betegs\u00e9g megel\u0151z\u00e9s\u00e9nek fontoss\u00e1g\u00e1ra felh\u00edvni a k\u00f6rnyezete a figyelm\u00e9t.<br \/>\nVegy\u00e9l r\u00e9szt sz\u0171r\u0151vizsg\u00e1latokon \u00e9s v\u00e9gezz rendszeresen \u00f6nvizsg\u00e1latot!<\/p>\n<h1 style=\"text-align: center;\">Veszpr\u00e9mi&nbsp;&nbsp;j\u00e1t\u00e9kvezet\u0151k a n\u0151i Eb-n<\/h1>\n<p><a href=\"http:\/\/www.vmksz.hu\/vmkszwp\/wp-content\/uploads\/2016\/09\/IMG_1143.jpg\"><img loading=\"lazy\" decoding=\"async\" class=\"alignnone size-large wp-image-683\" src=\"http:\/\/www.vmksz.hu\/vmkszwp\/wp-content\/uploads\/2016\/09\/IMG_1143-1024x768.jpg\" alt=\"img_1143\" width=\"750\" height=\"563\"><\/a><\/p>\n<p style=\"text-align: justify;\">Az Eur\u00f3pai K\u00e9zilabda Sz\u00f6vets\u00e9g nyilv\u00e1noss\u00e1gra hozta a decemberi sv\u00e9dorsz\u00e1gi n\u0151i Eur\u00f3pa-bajnoks\u00e1gon k\u00f6zrem\u0171k\u00f6d\u0151 j\u00e1t\u00e9kvezet\u0151k list\u00e1j\u00e1t. Az EHF d\u00f6nt\u00e9se \u00e9rtelm\u00e9ben a torn\u00e1n ott lesz a magyar Horv\u00e1th P\u00e9ter-Marton Bal\u00e1zs kett\u0151s is.&nbsp;<\/p>\n<h1 style=\"text-align: center;\">&nbsp;J\u00f3t\u00e9konys\u00e1gi G\u00e1laest<\/h1>\n<p><em><a href=\"http:\/\/www.vmksz.hu\/vmkszwp\/wp-content\/uploads\/2016\/09\/vvhhfe-plakata0-mod2.jpg\"><img loading=\"lazy\" decoding=\"async\" class=\"alignnone size-full wp-image-667\" src=\"http:\/\/www.vmksz.hu\/vmkszwp\/wp-content\/uploads\/2016\/09\/vvhhfe-plakata0-mod2.jpg\" alt=\"vvhhfe-plakata0-mod2\" width=\"471\" height=\"673\"><\/a>&nbsp;<\/em><\/p>\n<h5>&nbsp;<\/h5>\n<h1 style=\"text-align: center;\">Eredm\u00e9nyek<\/h1>\n<p style=\"text-align: justify;\">A bajnoki szezonban az \u00e9rdekl\u0151d\u0151k folyamatosan v\u00e9gig k\u00eds\u00e9rhetik a v\u00e9geredm\u00e9nyeket a honlapunkon. Ehhez csak azt kellett tenni, hogy a \u201eBajnoks\u00e1gok\u201d men\u00fcpontban ezen versenyekre r\u00e1keresve, az adott m\u00e9rk\u0151z\u00e9st felhozva szemmel k\u00f6vesse az \u00e9rdekl\u0151d\u0151.<\/p>\n<p><a href=\"http:\/\/www.vmksz.hu\/vmkszwp\/wp-content\/uploads\/2016\/09\/fotoKupa1.jpg\"><img loading=\"lazy\" decoding=\"async\" class=\"alignnone size-full wp-image-672\" src=\"http:\/\/www.vmksz.hu\/vmkszwp\/wp-content\/uploads\/2016\/09\/fotoKupa1.jpg\" alt=\"???????????????????????????????\" width=\"918\" height=\"624\"><\/a><\/p>\n<h1 style=\"text-align: center;\">Veszpr\u00e9m Megyei Bajnoks\u00e1g<\/h1>\n<p style=\"text-align: justify;\">A VMKSZ Eln\u00f6ks\u00e9ge \u00e1ltal elfogadott megyei n\u0151i \u00e9s f\u00e9rfi bajnoks\u00e1g versenyki\u00edr\u00e1s\u00e1t k\u00f6vet\u0151 szeptemberi id\u0151pontegyeztet\u0151 ut\u00e1n elindult az \u00faj bajnoki szezon a megyei bajnoks\u00e1gban. Tov\u00e1bbra is Veszpr\u00e9m megye gesztor\u00e1l\u00e1s\u00e1val neveztek a k\u00e9t nemben Somogy, Fej\u00e9r, Vas \u00e9s Tolna megy\u00e9b\u0151l is m\u00e9g feln\u0151tt csapatok. \u00cdgy 13 f\u00e9rfi \u00e9s 8 n\u0151i csapat vesz r\u00e9szt a Veszpr\u00e9m megyei feln\u0151tt bajnoks\u00e1g 2016-17. \u00e9vi k\u00fczdelmeiben.<\/p>\n<p><em>A \u201eVersenyki\u00edr\u00e1s\u201d &nbsp;a dokumentumt\u00e1r men\u00fcpontb\u00f3l let\u00f6lthet\u0151!<\/em><\/p>\n<p><a href=\"http:\/\/www.vmksz.hu\/vmkszwp\/wp-content\/uploads\/2016\/09\/image003.jpg\"><img loading=\"lazy\" decoding=\"async\" class=\"alignnone size-full wp-image-674\" src=\"http:\/\/www.vmksz.hu\/vmkszwp\/wp-content\/uploads\/2016\/09\/image003.jpg\" alt=\"image003\" width=\"550\" height=\"382\"><\/a><\/p>\n<p style=\"text-align: justify;\"><strong><em>Kedves sport\u00e1gunkat szeret\u0151 \u00e9rdekl\u0151d\u0151k, tisztelt sportszakemberek, sportbar\u00e1taink!<\/em><\/strong><\/p>\n<p style=\"text-align: justify;\">\u00d6r\u00f6mmel inform\u00e1lunk arr\u00f3l, hogy megjelent<strong>&nbsp;\u201cA k\u00e9zilabd\u00e1z\u00e1s szab\u00e1lyai\u201d c\u00edm\u0171 kiadv\u00e1ny,&nbsp;<\/strong>mely m\u00e1r tartalmazza a&nbsp;<em>2016. j\u00falius 1-j\u00e9vel \u00e9letbe l\u00e9pett<\/em>szab\u00e1lyv\u00e1ltoz\u00e1sokat, IHF, EHF \u00e9s MKSZ JAB \u00e1ll\u00e1sfoglal\u00e1sokkal, magyar\u00e1zatokkal kieg\u00e9sz\u00edtve.<\/p>\n<p style=\"text-align: justify;\">A 117 oldalas t\u00e1j\u00e9koztat\u00f3 teljesk\u00f6r\u0171 inform\u00e1ci\u00f3val szolg\u00e1l mindenkinek, aki a k\u00e9zilabda sport\u00e1g \u00e9rv\u00e9nyes szab\u00e1lyai ir\u00e1nt \u00e9rdekl\u0151dik.<\/p>\n<p style=\"text-align: justify;\"><strong>A kiadv\u00e1ny megv\u00e1s\u00e1rolhat\u00f3&nbsp;<\/strong>az MKSZ K\u00e9zishopban (Budapest VIII. ker\u00fclet, K\u00f6nyves K\u00e1lm\u00e1n krt. 76.) 1500 forintos egys\u00e9g\u00e1ron \u00e9s megrendelhet\u0151 online.<strong>&nbsp;<\/strong><\/p>\n<p style=\"text-align: justify;\">http:\/\/www.kezilabdaszeretlek.hu\/webshop\/ks1600223-a-kezilabdazas-jatekszabalyai-2016<\/p>\n","protected":false},"excerpt":{"rendered":"<p>Tiszt\u00faj\u00edt\u00f3 K\u00f6zgy\u0171l\u00e9s Veszpr\u00e9m megy\u00e9ben 2018. \u00e1prilis 24.-\u00e9n tiszt\u00faj\u00edt\u00f3 k\u00f6zgy\u0171l\u00e9st tartottak a Veszpr\u00e9m Megyei K\u00e9zilabda Sz\u00f6vets\u00e9gn\u00e9l. A 28 tagszervezet k\u00f6z\u00fcl 23 jelenl\u00e9t\u00e9vel megtisztelte a k\u00f6zgy\u0171l\u00e9st. Az el\u0151terjeszt\u00e9seket, besz\u00e1mol\u00f3kat egy\u00f6ntet\u0171 szavaz\u00e1s mellett a tagszervezetek j\u00f3v\u00e1hagyt\u00e1k. Hozz\u00e1sz\u00f3l\u00e1saik nagyon pozit\u00edvan \u00e9rt\u00e9kelt\u00e9k az elm\u00falt 4 \u00e9v munk\u00e1j\u00e1t. A k\u00f6zgy\u0171l\u00e9s a szavazataival meger\u0151s\u00edtette az el\u0151z\u0151 ciklusban tev\u00e9kenyked\u0151 eln\u00f6k\u00f6t \u00e9s eln\u00f6ks\u00e9gi tagokat. &hellip; <\/p>\n<p class=\"link-more\"><a href=\"http:\/\/vmksz.hu\/wpnew\/2018\/07\/04\/korabbi-hireink\/\" class=\"more-link\"><span class=\"screen-reader-text\">&#8222;Kor\u00e1bbi h\u00edreink&#8221;<\/span> b\u0151vebben<\/a><\/p>\n","protected":false},"author":1,"featured_media":0,"comment_status":"closed","ping_status":"closed","sticky":false,"template":"","format":"standard","meta":{"ngg_post_thumbnail":0,"_monsterinsights_skip_tracking":false,"_monsterinsights_sitenote_active":false,"_monsterinsights_sitenote_note":"","_monsterinsights_sitenote_category":0,"footnotes":""},"categories":[1],"tags":[],"_links":{"self":[{"href":"http:\/\/vmksz.hu\/wpnew\/wp-json\/wp\/v2\/posts\/49"}],"collection":[{"href":"http:\/\/vmksz.hu\/wpnew\/wp-json\/wp\/v2\/posts"}],"about":[{"href":"http:\/\/vmksz.hu\/wpnew\/wp-json\/wp\/v2\/types\/post"}],"author":[{"embeddable":true,"href":"http:\/\/vmksz.hu\/wpnew\/wp-json\/wp\/v2\/users\/1"}],"replies":[{"embeddable":true,"href":"http:\/\/vmksz.hu\/wpnew\/wp-json\/wp\/v2\/comments?post=49"}],"version-history":[{"count":3,"href":"http:\/\/vmksz.hu\/wpnew\/wp-json\/wp\/v2\/posts\/49\/revisions"}],"predecessor-version":[{"id":191,"href":"http:\/\/vmksz.hu\/wpnew\/wp-json\/wp\/v2\/posts\/49\/revisions\/191"}],"wp:attachment":[{"href":"http:\/\/vmksz.hu\/wpnew\/wp-json\/wp\/v2\/media?parent=49"}],"wp:term":[{"taxonomy":"category","embeddable":true,"href":"http:\/\/vmksz.hu\/wpnew\/wp-json\/wp\/v2\/categories?post=49"},{"taxonomy":"post_tag","embeddable":true,"href":"http:\/\/vmksz.hu\/wpnew\/wp-json\/wp\/v2\/tags?post=49"}],"curies":[{"name":"wp","href":"https:\/\/api.w.org\/{rel}","templated":true}]}}