{"id":713,"date":"2019-09-16T09:37:59","date_gmt":"2019-09-16T09:37:59","guid":{"rendered":"http:\/\/vmksz.hu\/wpnew\/?p=713"},"modified":"2019-09-16T09:38:01","modified_gmt":"2019-09-16T09:38:01","slug":"gyaszjelentes","status":"publish","type":"post","link":"http:\/\/vmksz.hu\/wpnew\/2019\/09\/16\/gyaszjelentes\/","title":{"rendered":"Gy\u00e1szjelent\u00e9s"},"content":{"rendered":"\n<p>M\u00e9ly f\u00e1jdalommal, \u00e9s megrend\u00fcl\u00e9ssel \u00e9rtes\u00edt\u00fcnk mindenkit &#8211; akik szerett\u00e9k \u00e9s tisztelt\u00e9k -, hogy a Veszpr\u00e9m Megyei K\u00e9zilabda Sz\u00f6vets\u00e9g munkat\u00e1rsa, &#8222;mindenese&#8221; (j\u00e1t\u00e9kvezet\u0151, versenyb\u00edr\u00f3, rendezv\u00e9nyszervez\u0151, sajt\u00f3referens) TARI TIBOR \u00dar m\u00e9lt\u00f3s\u00e1ggal viselt, hosszan tart\u00f3 s\u00falyos betegs\u00e9g ut\u00e1n \u00e9let\u00e9nek 55. \u00e9v\u00e9ben 2019. szeptember 15.-\u00e9n elhunyt.<\/p>\n\n\n\n<p>Hi\u00e1nya \u00e9s eml\u00e9ke mindannyiunkban \u00f6r\u00f6kre megmarad!<\/p>\n\n\n\n<figure class=\"wp-block-image\"><img loading=\"lazy\" decoding=\"async\" width=\"850\" height=\"1024\" src=\"http:\/\/vmksz.hu\/wpnew\/wp-content\/uploads\/2019\/09\/szemely_foto-850x1024.jfif\" alt=\"\" class=\"wp-image-714\" srcset=\"http:\/\/vmksz.hu\/wpnew\/wp-content\/uploads\/2019\/09\/szemely_foto-850x1024.jfif 850w, http:\/\/vmksz.hu\/wpnew\/wp-content\/uploads\/2019\/09\/szemely_foto-249x300.jfif 249w, http:\/\/vmksz.hu\/wpnew\/wp-content\/uploads\/2019\/09\/szemely_foto-768x926.jfif 768w, http:\/\/vmksz.hu\/wpnew\/wp-content\/uploads\/2019\/09\/szemely_foto.jfif 1383w\" sizes=\"(max-width: 767px) 89vw, (max-width: 1000px) 54vw, (max-width: 1071px) 543px, 580px\" \/><\/figure>\n","protected":false},"excerpt":{"rendered":"<p>M\u00e9ly f\u00e1jdalommal, \u00e9s megrend\u00fcl\u00e9ssel \u00e9rtes\u00edt\u00fcnk mindenkit &#8211; akik szerett\u00e9k \u00e9s tisztelt\u00e9k -, hogy a Veszpr\u00e9m Megyei K\u00e9zilabda Sz\u00f6vets\u00e9g munkat\u00e1rsa, &#8222;mindenese&#8221; (j\u00e1t\u00e9kvezet\u0151, versenyb\u00edr\u00f3, rendezv\u00e9nyszervez\u0151, sajt\u00f3referens) TARI TIBOR \u00dar m\u00e9lt\u00f3s\u00e1ggal viselt, hosszan tart\u00f3 s\u00falyos betegs\u00e9g ut\u00e1n \u00e9let\u00e9nek 55. \u00e9v\u00e9ben 2019. szeptember 15.-\u00e9n elhunyt. Hi\u00e1nya \u00e9s eml\u00e9ke mindannyiunkban \u00f6r\u00f6kre megmarad!<\/p>\n","protected":false},"author":1,"featured_media":0,"comment_status":"closed","ping_status":"closed","sticky":false,"template":"","format":"standard","meta":{"ngg_post_thumbnail":0,"_monsterinsights_skip_tracking":false,"_monsterinsights_sitenote_active":false,"_monsterinsights_sitenote_note":"","_monsterinsights_sitenote_category":0,"footnotes":""},"categories":[1],"tags":[],"_links":{"self":[{"href":"http:\/\/vmksz.hu\/wpnew\/wp-json\/wp\/v2\/posts\/713"}],"collection":[{"href":"http:\/\/vmksz.hu\/wpnew\/wp-json\/wp\/v2\/posts"}],"about":[{"href":"http:\/\/vmksz.hu\/wpnew\/wp-json\/wp\/v2\/types\/post"}],"author":[{"embeddable":true,"href":"http:\/\/vmksz.hu\/wpnew\/wp-json\/wp\/v2\/users\/1"}],"replies":[{"embeddable":true,"href":"http:\/\/vmksz.hu\/wpnew\/wp-json\/wp\/v2\/comments?post=713"}],"version-history":[{"count":1,"href":"http:\/\/vmksz.hu\/wpnew\/wp-json\/wp\/v2\/posts\/713\/revisions"}],"predecessor-version":[{"id":715,"href":"http:\/\/vmksz.hu\/wpnew\/wp-json\/wp\/v2\/posts\/713\/revisions\/715"}],"wp:attachment":[{"href":"http:\/\/vmksz.hu\/wpnew\/wp-json\/wp\/v2\/media?parent=713"}],"wp:term":[{"taxonomy":"category","embeddable":true,"href":"http:\/\/vmksz.hu\/wpnew\/wp-json\/wp\/v2\/categories?post=713"},{"taxonomy":"post_tag","embeddable":true,"href":"http:\/\/vmksz.hu\/wpnew\/wp-json\/wp\/v2\/tags?post=713"}],"curies":[{"name":"wp","href":"https:\/\/api.w.org\/{rel}","templated":true}]}}