{"id":716,"date":"2019-09-18T07:56:26","date_gmt":"2019-09-18T07:56:26","guid":{"rendered":"http:\/\/vmksz.hu\/wpnew\/?p=716"},"modified":"2019-09-18T07:56:28","modified_gmt":"2019-09-18T07:56:28","slug":"kozlemeny-tari-tibor-vegso-nyughelyere-torteno-helyezese","status":"publish","type":"post","link":"http:\/\/vmksz.hu\/wpnew\/2019\/09\/18\/kozlemeny-tari-tibor-vegso-nyughelyere-torteno-helyezese\/","title":{"rendered":"K\u00f6zlem\u00e9ny: Tari Tibor v\u00e9gs\u0151 nyughely\u00e9re t\u00f6rt\u00e9n\u0151 helyez\u00e9se"},"content":{"rendered":"\n<p>A gy\u00e1szol\u00f3 csal\u00e1dt\u00f3l kapott felhatalmaz\u00e1s \u00e9rtelm\u00e9ben t\u00e1j\u00e9koztatunk mindenkit &#8211; akik tisztelt\u00e9k \u00e9s szerett\u00e9k -, hogy <strong>Tari Tibor<\/strong> munkat\u00e1rsunk, szeretve tisztelt bar\u00e1tunk v\u00e9gs\u0151 b\u00facs\u00faztat\u00e1s\u00e1ra 2019. szeptember 23.-\u00e1n, h\u00e9tf\u0151n 11 \u00f3rakkor a reform\u00e1tus egyh\u00e1z szertart\u00e1sa keret\u00e9ben Balatonalm\u00e1diban a Pink\u00f3czi temet\u0151ben ker\u00fcl sor.<\/p>\n\n\n\n<p>K\u00e9rj\u00fck a szertart\u00e1son r\u00e9sztvev\u0151ket, hogy a csal\u00e1d k\u00e9r\u00e9s\u00e9t tiszteletben tartva Tibor bar\u00e1tunk b\u00facs\u00faztat\u00e1s\u00e1n egy sz\u00e1l vir\u00e1g k\u00eds\u00e9ret\u00e9ben sz\u00edveskedjenek r\u00e9szt venni.<\/p>\n\n\n\n<p>A r\u00e9szv\u00e9tny\u00edlv\u00e1n\u00edt\u00e1st k\u00e9rj\u00fck mell\u0151zni!<\/p>\n","protected":false},"excerpt":{"rendered":"<p>A gy\u00e1szol\u00f3 csal\u00e1dt\u00f3l kapott felhatalmaz\u00e1s \u00e9rtelm\u00e9ben t\u00e1j\u00e9koztatunk mindenkit &#8211; akik tisztelt\u00e9k \u00e9s szerett\u00e9k -, hogy Tari Tibor munkat\u00e1rsunk, szeretve tisztelt bar\u00e1tunk v\u00e9gs\u0151 b\u00facs\u00faztat\u00e1s\u00e1ra 2019. szeptember 23.-\u00e1n, h\u00e9tf\u0151n 11 \u00f3rakkor a reform\u00e1tus egyh\u00e1z szertart\u00e1sa keret\u00e9ben Balatonalm\u00e1diban a Pink\u00f3czi temet\u0151ben ker\u00fcl sor. K\u00e9rj\u00fck a szertart\u00e1son r\u00e9sztvev\u0151ket, hogy a csal\u00e1d k\u00e9r\u00e9s\u00e9t tiszteletben tartva Tibor bar\u00e1tunk b\u00facs\u00faztat\u00e1s\u00e1n egy sz\u00e1l &hellip; <\/p>\n<p class=\"link-more\"><a href=\"http:\/\/vmksz.hu\/wpnew\/2019\/09\/18\/kozlemeny-tari-tibor-vegso-nyughelyere-torteno-helyezese\/\" class=\"more-link\"><span class=\"screen-reader-text\">&#8222;K\u00f6zlem\u00e9ny: Tari Tibor v\u00e9gs\u0151 nyughely\u00e9re t\u00f6rt\u00e9n\u0151 helyez\u00e9se&#8221;<\/span> b\u0151vebben<\/a><\/p>\n","protected":false},"author":1,"featured_media":0,"comment_status":"closed","ping_status":"closed","sticky":false,"template":"","format":"standard","meta":{"ngg_post_thumbnail":0,"_monsterinsights_skip_tracking":false,"_monsterinsights_sitenote_active":false,"_monsterinsights_sitenote_note":"","_monsterinsights_sitenote_category":0,"footnotes":""},"categories":[1],"tags":[],"_links":{"self":[{"href":"http:\/\/vmksz.hu\/wpnew\/wp-json\/wp\/v2\/posts\/716"}],"collection":[{"href":"http:\/\/vmksz.hu\/wpnew\/wp-json\/wp\/v2\/posts"}],"about":[{"href":"http:\/\/vmksz.hu\/wpnew\/wp-json\/wp\/v2\/types\/post"}],"author":[{"embeddable":true,"href":"http:\/\/vmksz.hu\/wpnew\/wp-json\/wp\/v2\/users\/1"}],"replies":[{"embeddable":true,"href":"http:\/\/vmksz.hu\/wpnew\/wp-json\/wp\/v2\/comments?post=716"}],"version-history":[{"count":1,"href":"http:\/\/vmksz.hu\/wpnew\/wp-json\/wp\/v2\/posts\/716\/revisions"}],"predecessor-version":[{"id":717,"href":"http:\/\/vmksz.hu\/wpnew\/wp-json\/wp\/v2\/posts\/716\/revisions\/717"}],"wp:attachment":[{"href":"http:\/\/vmksz.hu\/wpnew\/wp-json\/wp\/v2\/media?parent=716"}],"wp:term":[{"taxonomy":"category","embeddable":true,"href":"http:\/\/vmksz.hu\/wpnew\/wp-json\/wp\/v2\/categories?post=716"},{"taxonomy":"post_tag","embeddable":true,"href":"http:\/\/vmksz.hu\/wpnew\/wp-json\/wp\/v2\/tags?post=716"}],"curies":[{"name":"wp","href":"https:\/\/api.w.org\/{rel}","templated":true}]}}