{"id":725,"date":"2019-11-07T18:56:30","date_gmt":"2019-11-07T18:56:30","guid":{"rendered":"http:\/\/vmksz.hu\/wpnew\/?p=725"},"modified":"2019-11-07T18:56:35","modified_gmt":"2019-11-07T18:56:35","slug":"handbal","status":"publish","type":"post","link":"http:\/\/vmksz.hu\/wpnew\/2019\/11\/07\/handbal\/","title":{"rendered":"HandB\u00e1l"},"content":{"rendered":"\n<p>Imm\u00e1r 6. alkalommal ker\u00fcl megrendez\u00e9sre a Veszpr\u00e9m Megyei K\u00e9zilabda Sz\u00f6vets\u00e9g HandB\u00e1lja, melyet a sz\u00f6vets\u00e9g 3. alkalommal rendez \u00fagy, hogy a tombola bev\u00e9tel\u00e9b\u0151l nemes c\u00e9lt t\u00e1mogat!<\/p>\n\n\n\n<p>2020 \u2013 ban tov\u00e1bbra is ebben a szeml\u00e9letben k\u00edv\u00e1njuk megrendezni az \u00e9vnyit\u00f3 g\u00e1lavacsor\u00e1s, zen\u00e9s \u2013 t\u00e1ncos, sz\u00f3rakoztat\u00f3 est\u00fcnket. Ism\u00e9t lesz szt\u00e1rvend\u00e9g, valamint meglepet\u00e9s vend\u00e9g, s a helysz\u00edn tov\u00e1bbra is az exkluz\u00edv Betekints Wellnes \u00e9s Konferencia Hotel**** lesz, ahogy az elm\u00falt 2 \u00e9vben is. A tombola bev\u00e9telb\u0151l ez alkalommal a h\u00e1tr\u00e1nyos helyzet\u0171 gyermekek mellett az egyed\u00fcl\u00e1ll\u00f3 sz\u00fcl\u0151k gyermekeit is k\u00edv\u00e1njuk t\u00e1mogatni.<\/p>\n\n\n\n<p>Nem kis c\u00e9lt t\u0171zt\u00fcnk ki magunk el\u00e9! Most is v\u00e1rjuk a tombola felaj\u00e1nl\u00e1sokat, melyek hozz\u00e1seg\u00edthetik sz\u00f6vets\u00e9g\u00fcnket, c\u00e9lunk el\u00e9r\u00e9s\u00e9ben. A j\u00f6v\u0151 nemzed\u00e9k\u00e9nek olyas fajta t\u00e1mogat\u00e1s\u00e1ban, mely mindenk\u00e9ppen hozz\u00e1 k\u00edv\u00e1n tenni a magyar k\u00e9zilabda sport j\u00f6v\u0151j\u00e9hez.<\/p>\n\n\n\n<figure class=\"wp-block-image\"><img loading=\"lazy\" decoding=\"async\" width=\"1024\" height=\"683\" src=\"http:\/\/vmksz.hu\/wpnew\/wp-content\/uploads\/2019\/11\/DSC_2050-1024x683.jpg\" alt=\"\" class=\"wp-image-726\" srcset=\"http:\/\/vmksz.hu\/wpnew\/wp-content\/uploads\/2019\/11\/DSC_2050-1024x683.jpg 1024w, http:\/\/vmksz.hu\/wpnew\/wp-content\/uploads\/2019\/11\/DSC_2050-300x200.jpg 300w, http:\/\/vmksz.hu\/wpnew\/wp-content\/uploads\/2019\/11\/DSC_2050-768x512.jpg 768w\" sizes=\"(max-width: 767px) 89vw, (max-width: 1000px) 54vw, (max-width: 1071px) 543px, 580px\" \/><\/figure>\n","protected":false},"excerpt":{"rendered":"<p>Imm\u00e1r 6. alkalommal ker\u00fcl megrendez\u00e9sre a Veszpr\u00e9m Megyei K\u00e9zilabda Sz\u00f6vets\u00e9g HandB\u00e1lja, melyet a sz\u00f6vets\u00e9g 3. alkalommal rendez \u00fagy, hogy a tombola bev\u00e9tel\u00e9b\u0151l nemes c\u00e9lt t\u00e1mogat! 2020 \u2013 ban tov\u00e1bbra is ebben a szeml\u00e9letben k\u00edv\u00e1njuk megrendezni az \u00e9vnyit\u00f3 g\u00e1lavacsor\u00e1s, zen\u00e9s \u2013 t\u00e1ncos, sz\u00f3rakoztat\u00f3 est\u00fcnket. Ism\u00e9t lesz szt\u00e1rvend\u00e9g, valamint meglepet\u00e9s vend\u00e9g, s a helysz\u00edn tov\u00e1bbra is az &hellip; <\/p>\n<p class=\"link-more\"><a href=\"http:\/\/vmksz.hu\/wpnew\/2019\/11\/07\/handbal\/\" class=\"more-link\"><span class=\"screen-reader-text\">&#8222;HandB\u00e1l&#8221;<\/span> b\u0151vebben<\/a><\/p>\n","protected":false},"author":1,"featured_media":0,"comment_status":"closed","ping_status":"closed","sticky":false,"template":"","format":"standard","meta":{"ngg_post_thumbnail":0,"_monsterinsights_skip_tracking":false,"_monsterinsights_sitenote_active":false,"_monsterinsights_sitenote_note":"","_monsterinsights_sitenote_category":0,"footnotes":""},"categories":[1],"tags":[],"_links":{"self":[{"href":"http:\/\/vmksz.hu\/wpnew\/wp-json\/wp\/v2\/posts\/725"}],"collection":[{"href":"http:\/\/vmksz.hu\/wpnew\/wp-json\/wp\/v2\/posts"}],"about":[{"href":"http:\/\/vmksz.hu\/wpnew\/wp-json\/wp\/v2\/types\/post"}],"author":[{"embeddable":true,"href":"http:\/\/vmksz.hu\/wpnew\/wp-json\/wp\/v2\/users\/1"}],"replies":[{"embeddable":true,"href":"http:\/\/vmksz.hu\/wpnew\/wp-json\/wp\/v2\/comments?post=725"}],"version-history":[{"count":1,"href":"http:\/\/vmksz.hu\/wpnew\/wp-json\/wp\/v2\/posts\/725\/revisions"}],"predecessor-version":[{"id":727,"href":"http:\/\/vmksz.hu\/wpnew\/wp-json\/wp\/v2\/posts\/725\/revisions\/727"}],"wp:attachment":[{"href":"http:\/\/vmksz.hu\/wpnew\/wp-json\/wp\/v2\/media?parent=725"}],"wp:term":[{"taxonomy":"category","embeddable":true,"href":"http:\/\/vmksz.hu\/wpnew\/wp-json\/wp\/v2\/categories?post=725"},{"taxonomy":"post_tag","embeddable":true,"href":"http:\/\/vmksz.hu\/wpnew\/wp-json\/wp\/v2\/tags?post=725"}],"curies":[{"name":"wp","href":"https:\/\/api.w.org\/{rel}","templated":true}]}}