{"id":729,"date":"2019-11-17T20:36:24","date_gmt":"2019-11-17T20:36:24","guid":{"rendered":"http:\/\/vmksz.hu\/wpnew\/?p=729"},"modified":"2019-11-18T11:13:27","modified_gmt":"2019-11-18T11:13:27","slug":"orszagos-szinten-kiemelkedo-a-vmksz-munkassaga","status":"publish","type":"post","link":"http:\/\/vmksz.hu\/wpnew\/2019\/11\/17\/orszagos-szinten-kiemelkedo-a-vmksz-munkassaga\/","title":{"rendered":"Orsz\u00e1gos szinten kiemelked\u0151 a VMKSZ munk\u00e1ss\u00e1ga"},"content":{"rendered":"\n<p><strong>Nagy L\u00e1szl\u00f3 lett a VI. HandB\u00e1l f\u0151v\u00e9dn\u00f6ke, melyen a tombol\u00e1b\u00f3l befolyt \u00f6sszeggel b\u00e1ntalmazott gyermekeken seg\u00edtenek majd. Megy\u00e9nkben k\u00f6zel k\u00e9tezer gyermek k\u00e9zilabd\u00e1zik, s a k\u00f6zelm\u00faltban elhunyt j\u00e1t\u00e9kvezet\u0151, Tari Tibor eml\u00e9ke el\u0151tt torn\u00e1val tisztelegn\u00e9nek \u2013 hangzott el mindez a Veszpr\u00e9m Megyei K\u00e9zilabda Sz\u00f6vets\u00e9g cs\u00fct\u00f6rt\u00f6ki sajt\u00f3t\u00e1j\u00e9koztat\u00f3j\u00e1n.<\/strong> <\/p>\n\n\n\n<p>Cs\u00fct\u00f6rt\u00f6k\u00f6n kora este a Betekints \u00c9tteremben tartott sajt\u00f3t\u00e1j\u00e9kozat\u00f3t a Veszpr\u00e9m Megyei K\u00e9zilabda Sz\u00f6vets\u00e9g (VMKSZ) jelenlegi helyzet\u00e9nek ismertet\u00e9se \u00e9rdek\u00e9ben. A konferenciak\u00f6zpontban jelen volt\u00a0<em>Nagy L\u00e1szl\u00f3<\/em>, a Magyar K\u00e9zilabda Sz\u00f6vets\u00e9g (MKSZ) aleln\u00f6ke mellett\u00a0<em>Dr. So\u00f3s K\u00e1lm\u00e1n<\/em>, a Veszpr\u00e9m Megyei K\u00e9zilabda Sz\u00f6vets\u00e9g eln\u00f6ke,\u00a0<em>Pischn\u00e9 Bank\u00f3 Zsuzsa<\/em>, Megyei Szakfel\u00fcgyel\u0151,\u00a0<em>\u00d6csi Tam\u00e1s<\/em>, a VMKSZ Irodavezet\u0151je,\u00a0<em>Nagy Erika, a<\/em>\u00a0Magyar V\u00f6r\u00f6skereszt V\u00e1rpalotai Csal\u00e1dok \u00c1tmeneti Otthon\u00e1nak\u00a0\u00e9s Kr\u00edzisk\u00f6zpontj\u00e1nak vezet\u0151je, valamint\u00a0<em>F\u00fcrjes D\u00e9nes<\/em>, a Mikrohung\u00e1ria Sport Kft. k\u00e9pvisel\u0151je.<\/p>\n\n\n\n<p>A Telekom Veszpr\u00e9m sportigazgat\u00f3ja, az MKSZ f\u00e9rfi szak\u00e1g\u00e1nak vezet\u0151je k\u00f6sz\u00f6nt\u0151j\u00e9ben eml\u00e9keztetett, hogy a k\u00e9zilabda sz\u00f6vets\u00e9g a k\u00f6zelm\u00faltban \u00e1talakul\u00e1son ment kereszt\u00fcl, ugyanis a f\u00e9rfi feln\u0151tt v\u00e1logatott \u00e9l\u00e9re \u00faj sz\u00f6vets\u00e9gi kapit\u00e1nyt,&nbsp;<em>Guly\u00e1s Istv\u00e1n<\/em>, valamint seg\u00e9dedz\u0151,&nbsp;<em>Chema Rodriguez<\/em>&nbsp;ker\u00fclt. Hangs\u00falyozta, els\u0151dleges c\u00e9ljuk az, hogy haz\u00e1nk felz\u00e1rk\u00f3zzon a vil\u00e1g k\u00e9zilabda elitj\u00e9hez, mindezt \u00fagy t\u00e9ve, hogy teret biztos\u00edtanak k\u00f6zben a fiatal rem\u00e9nys\u00e9geknek is.<\/p>\n\n\n\n<figure class=\"wp-block-image\"><img decoding=\"async\" src=\"https:\/\/vehir.hu\/data\/image\/900x4000\/2019\/11\/16\/nnagy.JPG\" alt=\"\"\/><figcaption>Nagy L\u00e1szl\u00f3<\/figcaption><\/figure>\n\n\n\n<p> <strong>Nagy L\u00e1szl\u00f3<\/strong>\u00a0m\u00e9g hozz\u00e1tette, \u00f6r\u00f6mmel mondott igent dr. So\u00f3s K\u00e1lm\u00e1nnak, amikor a megyei eln\u00f6k felk\u00e9rte, hogy legyen a VI. Handb\u00e1l f\u0151v\u00e9dn\u00f6ke, ugyanis az esem\u00e9ny egy\u00fattal nemcsak k\u00f6z\u00f6ss\u00e9g\u00e9p\u00edt\u00e9ssel, hanem j\u00f3t\u00e9konykod\u00e1ssal is szolg\u00e1l.<\/p>\n\n\n\n<p> <strong>Dr. So\u00f3s K\u00e1lm\u00e1n\u00a0<\/strong>elmondta, hogy a kor\u00e1bban megkezdett szoci\u00e1lis munk\u00e1ss\u00e1g\u00e1t a j\u00f6v\u0151ben is folytatni fogja a VMKSZ, amely eddig a fogyat\u00e9kkal \u00e9l\u0151 polg\u00e1rokon seg\u00edtett. Ugyanakkor So\u00f3s ismertette, imm\u00e1r a Magyar V\u00f6r\u00f6skereszttel k\u00f6z\u00f6sen, a h\u00e1tr\u00e1nyos helyzet\u0171, neh\u00e9z m\u00falt\u00fa\u00a0csal\u00e1dokat fogj\u00e1k t\u00e1mogatni.\u00a0<\/p>\n\n\n\n<p>A Veszpr\u00e9m Megyei K\u00e9zilabda Sz\u00f6vets\u00e9g eln\u00f6ke v\u00e9gezet\u00fcl el\u00e1rulta, hogy m\u00e9g a megyei bajnoks\u00e1g tavaszi szezonj\u00e1nak indul\u00e1sa el\u0151tt szeretn\u00e9nek a k\u00f6zelm\u00faltban elhunyt j\u00e1t\u00e9kvezet\u0151 \u00e9s irodai munkat\u00e1rs,\u00a0<em>Tari Tibor<\/em>\u00a0eml\u00e9k\u00e9re egy vill\u00e1mtorn\u00e1t rendezni, amely az <strong>I. Tari Tibor Eml\u00e9ktorna<\/strong> nevet viseln\u00e9, ezzel is tisztelegve az egykori nagyszer\u0171 szakember el\u0151tt.<\/p>\n\n\n\n<figure class=\"wp-block-image\"><img decoding=\"async\" src=\"https:\/\/vehir.hu\/data\/image\/900x4000\/2019\/11\/16\/zsuzsa.JPG\" alt=\"\"\/><figcaption> Dr. So\u00f3s K\u00e1lm\u00e1n \u00e9s Pischn\u00e9 Bank\u00f3 Zsuzsa <\/figcaption><\/figure>\n\n\n\n<p><strong>Pischn\u00e9 Bank\u00f3 Zsuzs\u00e1t\u00f3l<\/strong>, a megyei ut\u00e1np\u00f3tl\u00e1s helyzet\u00e9t\u00a0ismertetve megtudhattuk, hogy jelenleg\u00a0<strong>megyesz\u00e9khely\u00fcnk\u00f6n orsz\u00e1gos szinten kiemelked\u0151 munka folyik<\/strong>:\u00a0  <strong>15 egyes\u00fcletet,\u00a089 csapatot, 1827\u00a0gyermeket, valamint 90 edz\u0151t regisztr\u00e1ltak megy\u00e9nkben.<\/strong> <br>A megyei szakfel\u00fcgyel\u0151 besz\u00e9d\u00e9b\u0151l tov\u00e1bb\u00e1 az is kider\u00fclt, hogy a Magyar K\u00e9zilabda Sz\u00f6vets\u00e9g folyamatosan kontroll alatt tartja a megyei sz\u00f6vets\u00e9gek munk\u00e1j\u00e1t, \u00edgy\u00a0az ut\u00e1np\u00f3tl\u00e1sk\u00e9pz\u00e9sben koncepci\u00f3 \u00fctk\u00f6z\u00e9s nem val\u00f3sulhat meg:\u00a0<strong>a gyermekek mellett az edz\u0151ket \u00e1lland\u00f3 jelleggel t\u00e1mogatj\u00e1k, valamint fejlesztik, hogy a j\u00f6v\u0151ben a n\u00edvos magyar \u00e9lvonalbeli csapatokba b\u0151ven jusson\u00a0majd magyar &#8222;tit\u00e1nokb\u00f3l&#8221;.<\/strong> <\/p>\n\n\n\n<figure class=\"wp-block-image\"><img decoding=\"async\" src=\"https:\/\/vehir.hu\/data\/image\/900x4000\/2019\/11\/16\/csi.JPG\" alt=\"\"\/><figcaption> Nagy L\u00e1szl\u00f3, \u00d6csi Tam\u00e1s, Dr. S\u00f3\u00f3s K\u00e1lm\u00e1n<em> <\/em><\/figcaption><\/figure>\n\n\n\n<p><strong>\u00d6csi Tam\u00e1s<\/strong>, a VMKSZ irodavezet\u0151je kiemelte, a Veszpr\u00e9m megyei bajnoks\u00e1g h\u00e1la Istennek j\u00f3 h\u00edrn\u00e9vnek \u00f6rvend. \u00c1ll\u00edt\u00e1s\u00e1t azzal t\u00e1masztotta al\u00e1, hogy t\u00f6bb, nem a megy\u00e9nkbe tartoz\u00f3 egyes\u00fclet is nevezett a bajnoks\u00e1gba, \u00edgy a f\u00e9rfiakn\u00e1l \u00e9s a n\u0151kn\u00e9l egyar\u00e1nt h\u00e9t-h\u00e9t csapat indulhatott.  Az irodavezet\u0151 nyomat\u00e9kos\u00edtotta,\u00a0<strong>ahogy eddig is, ezek ut\u00e1n is mindent megtesz majd a sz\u00f6vets\u00e9g, hogy t\u00e1mogathassa a csapatokat, ak\u00e1r sportszerekkel, ak\u00e1r szakirodalmakkal<\/strong>. Majd m\u00e9g hozz\u00e1tette:\u00a0<strong>egyre t\u00f6bb fiatalt vonnak be a sz\u00f6vets\u00e9g munkak\u00f6reibe, valamint j\u00e1t\u00e9kvezet\u0151k\u00e9pz\u00e9st is ind\u00edtottak az orsz\u00e1gban egyed\u00fcl\u00e1ll\u00f3 m\u00f3don k\u00e9t helyi k\u00f6z\u00e9piskol\u00e1ban is (Noszlopy, T\u00e1ncsics)<\/strong>. <\/p>\n\n\n\n<figure class=\"wp-block-image\"><img decoding=\"async\" src=\"https:\/\/vehir.hu\/data\/image\/900x4000\/2019\/11\/16\/sport.JPG\" alt=\"\"\/><figcaption> F\u00fcrjes D\u00e9nes <\/figcaption><\/figure>\n\n\n\n<p><strong>F\u00fcrjes D\u00e9nes<\/strong>,\u00a0a Mikrohung\u00e1ria Sport Kft. k\u00e9pvisel\u0151je \u00fagy fogalmazott, sz\u00e1mukra a megtiszteltet\u00e9s, hogy t\u00e1mogathatj\u00e1k a VMKSZ-t, majd biztos\u00edtotta a vezet\u0151ket, hogy r\u00e9sz\u00fckr\u0151l az egy\u00fcttm\u0171k\u00f6d\u00e9s\u00a0a j\u00f6v\u0151ben is meg fog val\u00f3sulni. Megtudhattuk, hogy a Mikrohung\u00e1ria Sport megy\u00e9nk \u00f6sszes csapat\u00e1nak biztos\u00edt hagyom\u00e1nyos k\u00e9zilabd\u00e1t, valamint ezenfel\u00fcl\u00a0felaj\u00e1nlj\u00e1k a\u00a02019-es n\u0151i k\u00e9zilabda-vil\u00e1gbajnoks\u00e1g hivatalos, Jap\u00e1n sz\u00edneiben (piros, feh\u00e9r) pomp\u00e1z\u00f3 labd\u00e1j\u00e1t is az alakulatoknak. <\/p>\n\n\n\n<p><strong>Nagy Erika<\/strong>, a Magyar V\u00f6r\u00f6skereszt k\u00e9pviselet\u00e9ben \u00fagy fogalmazott, b\u00fcszke lehet mag\u00e1ra megy\u00e9nk sz\u00f6vets\u00e9ge, hiszen a sikerei ellen\u00e9re sem felejtett el lehajolni az elesettekhez. A V\u00e1rpalotai Csal\u00e1dok \u00c1tmeneti Otthon\u00e1nak\u00a0\u00e9s Kr\u00edzisk\u00f6zpontj\u00e1nak vezet\u0151je eml\u00e9keztetett: orsz\u00e1gos szinten p\u00e9lda\u00e9rt\u00e9k\u0171, hogy a sz\u00f6vets\u00e9g munk\u00e1ss\u00e1g\u00e1n, valamint \u00f6nk\u00e9ntesein kereszt\u00fcl\u00a0<strong>nemcsak heti egy edz\u00e9sre, hanem ny\u00e1ri t\u00e1borba is mehetnek a gyerekek, akiknek a neh\u00e9z h\u00e1tter\u00a0miatt egy\u00e9bk\u00e9nt ilyesmire nem lenne lehet\u0151s\u00e9g\u00fck&#8230;\u00a0<\/strong> Dr. So\u00f3s K\u00e1lm\u00e1n ezzel kapcsolatban hozz\u00e1f\u0171zte:<br> <strong>Az \u00e9desany\u00e1k \u00e9s a gyermekek a gondoz\u00f3kkal valamint az edz\u0151kkel egy\u00fctt is j\u00e1tszhatnak a t\u00e1borban, ami \u00edgy nemcsak a neh\u00e9z eml\u00e9keket feledteti, hanem egy\u00fattal megismerteti vel\u00fck a sport szeretet\u00e9t, valamint fegyelemre is tan\u00edt!<\/strong> <\/p>\n\n\n\n<p>A megyei eln\u00f6k ez\u00e9rt minden sportbar\u00e1tot arra k\u00e9rt, hogy tegyen b\u00e1rmilyen nem\u0171 felaj\u00e1nl\u00e1st a VI. Handb\u00e1l tombol\u00e1j\u00e1ra, amelynek befolyt \u00f6sszeg\u00e9b\u0151l ugyancsak a f\u00e1jdalmas m\u00falttal rendelkez\u0151 cs\u00f6pps\u00e9geket t\u00e1mogatn\u00e1k.<\/p>\n\n\n\n<p><strong>F\u00fcrjes D\u00e9nes<\/strong>, a Mikrohung\u00e1ria r\u00e9sz\u00e9r\u0151l meg is tette az esem\u00e9nyen az els\u0151 felaj\u00e1nl\u00e1st a VI. Handb\u00e1l j\u00f3t\u00e9konys\u00e1gi tomboloj\u00e1r\u00e1: felk\u00e9rte a k\u00e9zilabda-legenda Nagy L\u00e1szl\u00f3t, hogy az asztalon tal\u00e1lhat\u00f3 h\u00e1rom labda k\u00f6z\u00fcl szabadon v\u00e1lasszon egyet, s ha \u00fagy gondolja, akkor dedik\u00e1lja is azt.\u00a0<strong>Nagy pedig term\u00e9szetesen filctollat ragadott, s a hivatalos vb-labd\u00e1t szign\u00f3zta, amelyet egy szerencs\u00e9s vend\u00e9g\u00a0meg is nyerhet majd a b\u00e1lon<\/strong>.<br><\/p>\n\n\n\n<p><em>Forr\u00e1s: <a href=\"https:\/\/vehir.hu\/cikk\/53584-orszagos-szinten-kiemelkedo-a-vmksz-munkassaga\">vehir.hu<\/a> &#8211; Simon Dani <\/em><\/p>\n","protected":false},"excerpt":{"rendered":"<p>Nagy L\u00e1szl\u00f3 lett a VI. HandB\u00e1l f\u0151v\u00e9dn\u00f6ke, melyen a tombol\u00e1b\u00f3l befolyt \u00f6sszeggel b\u00e1ntalmazott gyermekeken seg\u00edtenek majd. Megy\u00e9nkben k\u00f6zel k\u00e9tezer gyermek k\u00e9zilabd\u00e1zik, s a k\u00f6zelm\u00faltban elhunyt j\u00e1t\u00e9kvezet\u0151, Tari Tibor eml\u00e9ke el\u0151tt torn\u00e1val tisztelegn\u00e9nek \u2013 hangzott el mindez a Veszpr\u00e9m Megyei K\u00e9zilabda Sz\u00f6vets\u00e9g cs\u00fct\u00f6rt\u00f6ki sajt\u00f3t\u00e1j\u00e9koztat\u00f3j\u00e1n. Cs\u00fct\u00f6rt\u00f6k\u00f6n kora este a Betekints \u00c9tteremben tartott sajt\u00f3t\u00e1j\u00e9kozat\u00f3t a Veszpr\u00e9m Megyei K\u00e9zilabda &hellip; <\/p>\n<p class=\"link-more\"><a href=\"http:\/\/vmksz.hu\/wpnew\/2019\/11\/17\/orszagos-szinten-kiemelkedo-a-vmksz-munkassaga\/\" class=\"more-link\"><span class=\"screen-reader-text\">&#8222;Orsz\u00e1gos szinten kiemelked\u0151 a VMKSZ munk\u00e1ss\u00e1ga&#8221;<\/span> b\u0151vebben<\/a><\/p>\n","protected":false},"author":1,"featured_media":0,"comment_status":"closed","ping_status":"closed","sticky":false,"template":"","format":"standard","meta":{"ngg_post_thumbnail":0,"_monsterinsights_skip_tracking":false,"_monsterinsights_sitenote_active":false,"_monsterinsights_sitenote_note":"","_monsterinsights_sitenote_category":0,"footnotes":""},"categories":[1],"tags":[],"_links":{"self":[{"href":"http:\/\/vmksz.hu\/wpnew\/wp-json\/wp\/v2\/posts\/729"}],"collection":[{"href":"http:\/\/vmksz.hu\/wpnew\/wp-json\/wp\/v2\/posts"}],"about":[{"href":"http:\/\/vmksz.hu\/wpnew\/wp-json\/wp\/v2\/types\/post"}],"author":[{"embeddable":true,"href":"http:\/\/vmksz.hu\/wpnew\/wp-json\/wp\/v2\/users\/1"}],"replies":[{"embeddable":true,"href":"http:\/\/vmksz.hu\/wpnew\/wp-json\/wp\/v2\/comments?post=729"}],"version-history":[{"count":2,"href":"http:\/\/vmksz.hu\/wpnew\/wp-json\/wp\/v2\/posts\/729\/revisions"}],"predecessor-version":[{"id":732,"href":"http:\/\/vmksz.hu\/wpnew\/wp-json\/wp\/v2\/posts\/729\/revisions\/732"}],"wp:attachment":[{"href":"http:\/\/vmksz.hu\/wpnew\/wp-json\/wp\/v2\/media?parent=729"}],"wp:term":[{"taxonomy":"category","embeddable":true,"href":"http:\/\/vmksz.hu\/wpnew\/wp-json\/wp\/v2\/categories?post=729"},{"taxonomy":"post_tag","embeddable":true,"href":"http:\/\/vmksz.hu\/wpnew\/wp-json\/wp\/v2\/tags?post=729"}],"curies":[{"name":"wp","href":"https:\/\/api.w.org\/{rel}","templated":true}]}}