{"id":741,"date":"2019-12-13T13:48:43","date_gmt":"2019-12-13T13:48:43","guid":{"rendered":"http:\/\/vmksz.hu\/wpnew\/?p=741"},"modified":"2019-12-13T13:48:46","modified_gmt":"2019-12-13T13:48:46","slug":"gyaszjelentes-2","status":"publish","type":"post","link":"http:\/\/vmksz.hu\/wpnew\/2019\/12\/13\/gyaszjelentes-2\/","title":{"rendered":"Gy\u00e1szjelent\u00e9s"},"content":{"rendered":"\n<p>A Veszpr\u00e9m megyei K\u00e9zilabda Sz\u00f6vets\u00e9g m\u00e9ly f\u00e1jdalommal \u00e9s megrend\u00fcl\u00e9ssel \u00e9rtes\u00edt mindenkit \u2013 akik ismert\u00e9k \u00e9s tisztelt\u00e9k- , hogy <strong>Szab\u00f3 J\u00f3zsef (Cubi)<\/strong>, Sz\u00f6vets\u00e9g\u00fcnk \u201e\u00d6r\u00f6k\u00f6s Tagja\u201d, emblematikus alakja, m\u00e9lt\u00f3s\u00e1ggal viselt betegs\u00e9ge ut\u00e1n, \u00e9let\u00e9nek 76. \u00e9v\u00e9ben 2019. december 13-\u00e1n elhunyt! <\/p>\n\n\n\n<p>Szab\u00f3 J\u00f3zsef bar\u00e1tunkat Sz\u00f6vets\u00e9g\u00fcnk saj\u00e1t halottj\u00e1nak tekinti!  Temet\u00e9s\u00e9r\u0151l \u00e9s b\u00facs\u00faztat\u00e1s\u00e1r\u00f3l k\u00e9s\u0151bb t\u00f6rt\u00e9nik int\u00e9zked\u00e9s. <\/p>\n\n\n\n<p><em>Hi\u00e1nya \u00e9s eml\u00e9ke mindannyiunkban \u00f6r\u00f6kre megmarad! <\/em><\/p>\n\n\n\n<div class=\"wp-block-image\"><figure class=\"aligncenter\"><img loading=\"lazy\" decoding=\"async\" width=\"507\" height=\"310\" src=\"http:\/\/vmksz.hu\/wpnew\/wp-content\/uploads\/2019\/12\/cubi.jpg\" alt=\"\" class=\"wp-image-742\" srcset=\"http:\/\/vmksz.hu\/wpnew\/wp-content\/uploads\/2019\/12\/cubi.jpg 507w, http:\/\/vmksz.hu\/wpnew\/wp-content\/uploads\/2019\/12\/cubi-300x183.jpg 300w\" sizes=\"(max-width: 507px) 100vw, 507px\" \/><\/figure><\/div>\n","protected":false},"excerpt":{"rendered":"<p>A Veszpr\u00e9m megyei K\u00e9zilabda Sz\u00f6vets\u00e9g m\u00e9ly f\u00e1jdalommal \u00e9s megrend\u00fcl\u00e9ssel \u00e9rtes\u00edt mindenkit \u2013 akik ismert\u00e9k \u00e9s tisztelt\u00e9k- , hogy Szab\u00f3 J\u00f3zsef (Cubi), Sz\u00f6vets\u00e9g\u00fcnk \u201e\u00d6r\u00f6k\u00f6s Tagja\u201d, emblematikus alakja, m\u00e9lt\u00f3s\u00e1ggal viselt betegs\u00e9ge ut\u00e1n, \u00e9let\u00e9nek 76. \u00e9v\u00e9ben 2019. december 13-\u00e1n elhunyt! Szab\u00f3 J\u00f3zsef bar\u00e1tunkat Sz\u00f6vets\u00e9g\u00fcnk saj\u00e1t halottj\u00e1nak tekinti! Temet\u00e9s\u00e9r\u0151l \u00e9s b\u00facs\u00faztat\u00e1s\u00e1r\u00f3l k\u00e9s\u0151bb t\u00f6rt\u00e9nik int\u00e9zked\u00e9s. Hi\u00e1nya \u00e9s eml\u00e9ke mindannyiunkban \u00f6r\u00f6kre &hellip; <\/p>\n<p class=\"link-more\"><a href=\"http:\/\/vmksz.hu\/wpnew\/2019\/12\/13\/gyaszjelentes-2\/\" class=\"more-link\"><span class=\"screen-reader-text\">&#8222;Gy\u00e1szjelent\u00e9s&#8221;<\/span> b\u0151vebben<\/a><\/p>\n","protected":false},"author":1,"featured_media":0,"comment_status":"closed","ping_status":"closed","sticky":false,"template":"","format":"standard","meta":{"ngg_post_thumbnail":0,"_monsterinsights_skip_tracking":false,"_monsterinsights_sitenote_active":false,"_monsterinsights_sitenote_note":"","_monsterinsights_sitenote_category":0,"footnotes":""},"categories":[1],"tags":[],"_links":{"self":[{"href":"http:\/\/vmksz.hu\/wpnew\/wp-json\/wp\/v2\/posts\/741"}],"collection":[{"href":"http:\/\/vmksz.hu\/wpnew\/wp-json\/wp\/v2\/posts"}],"about":[{"href":"http:\/\/vmksz.hu\/wpnew\/wp-json\/wp\/v2\/types\/post"}],"author":[{"embeddable":true,"href":"http:\/\/vmksz.hu\/wpnew\/wp-json\/wp\/v2\/users\/1"}],"replies":[{"embeddable":true,"href":"http:\/\/vmksz.hu\/wpnew\/wp-json\/wp\/v2\/comments?post=741"}],"version-history":[{"count":1,"href":"http:\/\/vmksz.hu\/wpnew\/wp-json\/wp\/v2\/posts\/741\/revisions"}],"predecessor-version":[{"id":743,"href":"http:\/\/vmksz.hu\/wpnew\/wp-json\/wp\/v2\/posts\/741\/revisions\/743"}],"wp:attachment":[{"href":"http:\/\/vmksz.hu\/wpnew\/wp-json\/wp\/v2\/media?parent=741"}],"wp:term":[{"taxonomy":"category","embeddable":true,"href":"http:\/\/vmksz.hu\/wpnew\/wp-json\/wp\/v2\/categories?post=741"},{"taxonomy":"post_tag","embeddable":true,"href":"http:\/\/vmksz.hu\/wpnew\/wp-json\/wp\/v2\/tags?post=741"}],"curies":[{"name":"wp","href":"https:\/\/api.w.org\/{rel}","templated":true}]}}