{"id":744,"date":"2019-12-19T18:39:54","date_gmt":"2019-12-19T18:39:54","guid":{"rendered":"http:\/\/vmksz.hu\/wpnew\/?p=744"},"modified":"2019-12-19T18:39:57","modified_gmt":"2019-12-19T18:39:57","slug":"evzaro-vacsora-2019","status":"publish","type":"post","link":"http:\/\/vmksz.hu\/wpnew\/2019\/12\/19\/evzaro-vacsora-2019\/","title":{"rendered":"\u00c9vz\u00e1r\u00f3 vacsora 2019"},"content":{"rendered":"\n<p>2019.12.16-\u00e1n&nbsp;a veszpr\u00e9mi Grund&nbsp;Sportb\u00e1rban&nbsp;rendezte hagyom\u00e1nyos&nbsp;\u00e9vz\u00e1r\u00f3&nbsp;vacsor\u00e1j\u00e1t megyei Sz\u00f6vets\u00e9g\u00fcnk&nbsp;j\u00e1t\u00e9kvezet\u0151i&nbsp;bizotts\u00e1ga!<\/p>\n\n\n\n<p>\u00d6sszej\u00f6vetel\u00fcnket&nbsp;az idei \u00e9vben sajn\u00e1latos m\u00f3don elhunyt koll\u00e9g\u00e1kr\u00f3l <strong>Szab\u00f3 J\u00f3zsef<\/strong> (Cubir\u00f3l) \u00e9s <strong>Tari Tibor<\/strong>r\u00f3l val\u00f3 eml\u00e9kez\u00e9ssel kezdt\u00fck, majd az eln\u00f6ki k\u00f6sz\u00f6nt\u0151 ut\u00e1n ker\u00fclt sor a jubileumi d\u00edjak \u00e1tad\u00e1s\u00e1ra. 10 \u00e9ves \u00e9vfordul\u00f3j\u00e1n vehetett \u00e1t elismer\u00e9st<strong> F\u00f6ldesi Csaba<\/strong>, <strong>Kov\u00e1cs Tibor<\/strong>,&nbsp;<strong>M\u00e1ndli&nbsp;Bal\u00e1zs<\/strong> \u00e9s&nbsp;<strong>Vandr\u00f3czki&nbsp;G\u00e1bor<\/strong>. 15 \u00e9ves jubileuma kapcs\u00e1n elismer\u00e9sben r\u00e9szes\u00fclt: <strong>Antal \u00c1kos<\/strong>, <strong>Antaln\u00e9&nbsp;Renner&nbsp;Ir\u00e9n<\/strong>, <strong>Felh\u0151 Ferenc<\/strong> \u00e9s <strong>\u00d6csi Tam\u00e1<\/strong>s. 55 k\u00e9zilabd\u00e1ban t\u00f6lt\u00f6tt \u00e9v elismer\u00e9s\u00e9\u00fcl Sz\u00f6vets\u00e9g\u00fcnk vezet\u0151je&nbsp;<strong>dr. So\u00f3s K\u00e1lm\u00e1n<\/strong>, valamint akt\u00edv k\u00f6zrem\u0171k\u00f6d\u0151i szerep\u00e9t\u0151l visszavonult koll\u00e9g\u00e1nk <strong>Horv\u00e1th J\u00e1nos<\/strong> vehetett \u00e1t&nbsp;eml\u00e9kplakettet!&nbsp;<\/p>\n\n\n\n<!-- index.php -->\n<div\n\tclass=\"ngg-galleryoverview ngg-ajax-pagination-none\"\n\tid=\"ngg-gallery-065f64301b66bf0aca649e2307a622e1-1\">\n\n    \t<div class=\"slideshowlink\">\n        <a href='http:\/\/vmksz.hu\/wpnew\/2019\/12\/19\/evzaro-vacsora-2019\/nggallery\/slideshow'>[Diavet\u00edt\u00e9s ind\u00edt\u00e1sa]<\/a>\n\t\t\n\t<\/div>\n\t\t\t<!-- Thumbnails -->\n\t\t\t\t<div id=\"ngg-image-0\" class=\"ngg-gallery-thumbnail-box\" >\n\t\t\t\t        <div class=\"ngg-gallery-thumbnail\">\n            <a href=\"http:\/\/vmksz.hu\/wpnew\/wp-content\/gallery\/evzaro-vacsora-2019\/79422264_818427335245006_6566616717655539712_o.jpg\"\n               title=\"\"\n               data-src=\"http:\/\/vmksz.hu\/wpnew\/wp-content\/gallery\/evzaro-vacsora-2019\/79422264_818427335245006_6566616717655539712_o.jpg\"\n               data-thumbnail=\"http:\/\/vmksz.hu\/wpnew\/wp-content\/gallery\/evzaro-vacsora-2019\/thumbs\/thumbs_79422264_818427335245006_6566616717655539712_o.jpg\"\n               data-image-id=\"109\"\n               data-title=\"79422264_818427335245006_6566616717655539712_o\"\n               data-description=\"\"\n               data-image-slug=\"79422264_818427335245006_6566616717655539712_o\"\n               class=\"ngg-fancybox\" rel=\"065f64301b66bf0aca649e2307a622e1\">\n                <img\n                    title=\"79422264_818427335245006_6566616717655539712_o\"\n                    alt=\"79422264_818427335245006_6566616717655539712_o\"\n                    src=\"http:\/\/vmksz.hu\/wpnew\/wp-content\/gallery\/evzaro-vacsora-2019\/thumbs\/thumbs_79422264_818427335245006_6566616717655539712_o.jpg\"\n                    width=\"240\"\n                    height=\"160\"\n                    style=\"max-width:100%;\"\n                \/>\n            <\/a>\n        <\/div>\n\t\t\t\t\t\t\t<\/div> \n\t\t\t\n        \n\t\t\t\t<div id=\"ngg-image-1\" class=\"ngg-gallery-thumbnail-box\" >\n\t\t\t\t        <div class=\"ngg-gallery-thumbnail\">\n            <a href=\"http:\/\/vmksz.hu\/wpnew\/wp-content\/gallery\/evzaro-vacsora-2019\/79683977_1763735603761021_3965790935031218176_n.jpg\"\n               title=\"\"\n               data-src=\"http:\/\/vmksz.hu\/wpnew\/wp-content\/gallery\/evzaro-vacsora-2019\/79683977_1763735603761021_3965790935031218176_n.jpg\"\n               data-thumbnail=\"http:\/\/vmksz.hu\/wpnew\/wp-content\/gallery\/evzaro-vacsora-2019\/thumbs\/thumbs_79683977_1763735603761021_3965790935031218176_n.jpg\"\n               data-image-id=\"110\"\n               data-title=\"79683977_1763735603761021_3965790935031218176_n\"\n               data-description=\"\"\n               data-image-slug=\"79683977_1763735603761021_3965790935031218176_n\"\n               class=\"ngg-fancybox\" rel=\"065f64301b66bf0aca649e2307a622e1\">\n                <img\n                    title=\"79683977_1763735603761021_3965790935031218176_n\"\n                    alt=\"79683977_1763735603761021_3965790935031218176_n\"\n                    src=\"http:\/\/vmksz.hu\/wpnew\/wp-content\/gallery\/evzaro-vacsora-2019\/thumbs\/thumbs_79683977_1763735603761021_3965790935031218176_n.jpg\"\n                    width=\"240\"\n                    height=\"160\"\n                    style=\"max-width:100%;\"\n                \/>\n            <\/a>\n        <\/div>\n\t\t\t\t\t\t\t<\/div> \n\t\t\t\n        \n\t\t\t\t<div id=\"ngg-image-2\" class=\"ngg-gallery-thumbnail-box\" >\n\t\t\t\t        <div class=\"ngg-gallery-thumbnail\">\n            <a href=\"http:\/\/vmksz.hu\/wpnew\/wp-content\/gallery\/evzaro-vacsora-2019\/80440438_1672697746200788_4549828224393150464_n.jpg\"\n               title=\"\"\n               data-src=\"http:\/\/vmksz.hu\/wpnew\/wp-content\/gallery\/evzaro-vacsora-2019\/80440438_1672697746200788_4549828224393150464_n.jpg\"\n               data-thumbnail=\"http:\/\/vmksz.hu\/wpnew\/wp-content\/gallery\/evzaro-vacsora-2019\/thumbs\/thumbs_80440438_1672697746200788_4549828224393150464_n.jpg\"\n               data-image-id=\"111\"\n               data-title=\"80440438_1672697746200788_4549828224393150464_n\"\n               data-description=\"\"\n               data-image-slug=\"80440438_1672697746200788_4549828224393150464_n\"\n               class=\"ngg-fancybox\" rel=\"065f64301b66bf0aca649e2307a622e1\">\n                <img\n                    title=\"80440438_1672697746200788_4549828224393150464_n\"\n                    alt=\"80440438_1672697746200788_4549828224393150464_n\"\n                    src=\"http:\/\/vmksz.hu\/wpnew\/wp-content\/gallery\/evzaro-vacsora-2019\/thumbs\/thumbs_80440438_1672697746200788_4549828224393150464_n.jpg\"\n                    width=\"240\"\n                    height=\"160\"\n                    style=\"max-width:100%;\"\n                \/>\n            <\/a>\n        <\/div>\n\t\t\t\t\t\t\t<\/div> \n\t\t\t\n        \n\t\t\t\t<div id=\"ngg-image-3\" class=\"ngg-gallery-thumbnail-box\" >\n\t\t\t\t        <div class=\"ngg-gallery-thumbnail\">\n            <a href=\"http:\/\/vmksz.hu\/wpnew\/wp-content\/gallery\/evzaro-vacsora-2019\/80549241_444706909546106_3769294476137201664_n.jpg\"\n               title=\"\"\n               data-src=\"http:\/\/vmksz.hu\/wpnew\/wp-content\/gallery\/evzaro-vacsora-2019\/80549241_444706909546106_3769294476137201664_n.jpg\"\n               data-thumbnail=\"http:\/\/vmksz.hu\/wpnew\/wp-content\/gallery\/evzaro-vacsora-2019\/thumbs\/thumbs_80549241_444706909546106_3769294476137201664_n.jpg\"\n               data-image-id=\"112\"\n               data-title=\"80549241_444706909546106_3769294476137201664_n\"\n               data-description=\"\"\n               data-image-slug=\"80549241_444706909546106_3769294476137201664_n\"\n               class=\"ngg-fancybox\" rel=\"065f64301b66bf0aca649e2307a622e1\">\n                <img\n                    title=\"80549241_444706909546106_3769294476137201664_n\"\n                    alt=\"80549241_444706909546106_3769294476137201664_n\"\n                    src=\"http:\/\/vmksz.hu\/wpnew\/wp-content\/gallery\/evzaro-vacsora-2019\/thumbs\/thumbs_80549241_444706909546106_3769294476137201664_n.jpg\"\n                    width=\"240\"\n                    height=\"160\"\n                    style=\"max-width:100%;\"\n                \/>\n            <\/a>\n        <\/div>\n\t\t\t\t\t\t\t<\/div> \n\t\t\t\n        \n\t\t\t\t<div id=\"ngg-image-4\" class=\"ngg-gallery-thumbnail-box\" >\n\t\t\t\t        <div class=\"ngg-gallery-thumbnail\">\n            <a href=\"http:\/\/vmksz.hu\/wpnew\/wp-content\/gallery\/evzaro-vacsora-2019\/80693363_597093624359573_2404802289823907840_n.jpg\"\n               title=\"\"\n               data-src=\"http:\/\/vmksz.hu\/wpnew\/wp-content\/gallery\/evzaro-vacsora-2019\/80693363_597093624359573_2404802289823907840_n.jpg\"\n               data-thumbnail=\"http:\/\/vmksz.hu\/wpnew\/wp-content\/gallery\/evzaro-vacsora-2019\/thumbs\/thumbs_80693363_597093624359573_2404802289823907840_n.jpg\"\n               data-image-id=\"113\"\n               data-title=\"80693363_597093624359573_2404802289823907840_n\"\n               data-description=\"\"\n               data-image-slug=\"80693363_597093624359573_2404802289823907840_n\"\n               class=\"ngg-fancybox\" rel=\"065f64301b66bf0aca649e2307a622e1\">\n                <img\n                    title=\"80693363_597093624359573_2404802289823907840_n\"\n                    alt=\"80693363_597093624359573_2404802289823907840_n\"\n                    src=\"http:\/\/vmksz.hu\/wpnew\/wp-content\/gallery\/evzaro-vacsora-2019\/thumbs\/thumbs_80693363_597093624359573_2404802289823907840_n.jpg\"\n                    width=\"240\"\n                    height=\"160\"\n                    style=\"max-width:100%;\"\n                \/>\n            <\/a>\n        <\/div>\n\t\t\t\t\t\t\t<\/div> \n\t\t\t\n        \n\t\t\n\t\t<!-- Pagination -->\n\t<div class='ngg-clear'><\/div>\t<\/div>\n\n","protected":false},"excerpt":{"rendered":"<p>2019.12.16-\u00e1n&nbsp;a veszpr\u00e9mi Grund&nbsp;Sportb\u00e1rban&nbsp;rendezte hagyom\u00e1nyos&nbsp;\u00e9vz\u00e1r\u00f3&nbsp;vacsor\u00e1j\u00e1t megyei Sz\u00f6vets\u00e9g\u00fcnk&nbsp;j\u00e1t\u00e9kvezet\u0151i&nbsp;bizotts\u00e1ga! \u00d6sszej\u00f6vetel\u00fcnket&nbsp;az idei \u00e9vben sajn\u00e1latos m\u00f3don elhunyt koll\u00e9g\u00e1kr\u00f3l Szab\u00f3 J\u00f3zsef (Cubir\u00f3l) \u00e9s Tari Tiborr\u00f3l val\u00f3 eml\u00e9kez\u00e9ssel kezdt\u00fck, majd az eln\u00f6ki k\u00f6sz\u00f6nt\u0151 ut\u00e1n ker\u00fclt sor a jubileumi d\u00edjak \u00e1tad\u00e1s\u00e1ra. 10 \u00e9ves \u00e9vfordul\u00f3j\u00e1n vehetett \u00e1t elismer\u00e9st F\u00f6ldesi Csaba, Kov\u00e1cs Tibor,&nbsp;M\u00e1ndli&nbsp;Bal\u00e1zs \u00e9s&nbsp;Vandr\u00f3czki&nbsp;G\u00e1bor. 15 \u00e9ves jubileuma kapcs\u00e1n elismer\u00e9sben r\u00e9szes\u00fclt: Antal \u00c1kos, Antaln\u00e9&nbsp;Renner&nbsp;Ir\u00e9n, Felh\u0151 Ferenc &hellip; <\/p>\n<p class=\"link-more\"><a href=\"http:\/\/vmksz.hu\/wpnew\/2019\/12\/19\/evzaro-vacsora-2019\/\" class=\"more-link\"><span class=\"screen-reader-text\">&#8222;\u00c9vz\u00e1r\u00f3 vacsora 2019&#8221;<\/span> b\u0151vebben<\/a><\/p>\n","protected":false},"author":1,"featured_media":0,"comment_status":"closed","ping_status":"closed","sticky":false,"template":"","format":"standard","meta":{"ngg_post_thumbnail":0,"_monsterinsights_skip_tracking":false,"_monsterinsights_sitenote_active":false,"_monsterinsights_sitenote_note":"","_monsterinsights_sitenote_category":0,"footnotes":""},"categories":[1],"tags":[],"_links":{"self":[{"href":"http:\/\/vmksz.hu\/wpnew\/wp-json\/wp\/v2\/posts\/744"}],"collection":[{"href":"http:\/\/vmksz.hu\/wpnew\/wp-json\/wp\/v2\/posts"}],"about":[{"href":"http:\/\/vmksz.hu\/wpnew\/wp-json\/wp\/v2\/types\/post"}],"author":[{"embeddable":true,"href":"http:\/\/vmksz.hu\/wpnew\/wp-json\/wp\/v2\/users\/1"}],"replies":[{"embeddable":true,"href":"http:\/\/vmksz.hu\/wpnew\/wp-json\/wp\/v2\/comments?post=744"}],"version-history":[{"count":2,"href":"http:\/\/vmksz.hu\/wpnew\/wp-json\/wp\/v2\/posts\/744\/revisions"}],"predecessor-version":[{"id":752,"href":"http:\/\/vmksz.hu\/wpnew\/wp-json\/wp\/v2\/posts\/744\/revisions\/752"}],"wp:attachment":[{"href":"http:\/\/vmksz.hu\/wpnew\/wp-json\/wp\/v2\/media?parent=744"}],"wp:term":[{"taxonomy":"category","embeddable":true,"href":"http:\/\/vmksz.hu\/wpnew\/wp-json\/wp\/v2\/categories?post=744"},{"taxonomy":"post_tag","embeddable":true,"href":"http:\/\/vmksz.hu\/wpnew\/wp-json\/wp\/v2\/tags?post=744"}],"curies":[{"name":"wp","href":"https:\/\/api.w.org\/{rel}","templated":true}]}}