{"id":754,"date":"2019-12-29T08:23:56","date_gmt":"2019-12-29T08:23:56","guid":{"rendered":"http:\/\/vmksz.hu\/wpnew\/?p=754"},"modified":"2019-12-29T08:23:59","modified_gmt":"2019-12-29T08:23:59","slug":"adni-jo","status":"publish","type":"post","link":"http:\/\/vmksz.hu\/wpnew\/2019\/12\/29\/adni-jo\/","title":{"rendered":"Adni j\u00f3!"},"content":{"rendered":"\n<p>A ny\u00e1ri k\u00e9zilabda t\u00e1boroz\u00e1sok \u00e9s az \u0151szt\u0151l indult k\u00e9zilabda edz\u00e9sek ut\u00e1n, \u00fajabb seg\u00edts\u00e9get ny\u00fajtott a Veszpr\u00e9m Megyei K\u00e9zilabda Sz\u00f6vets\u00e9g, a v\u00e1rpalotai Csal\u00e1dok \u00c1tmeneti Otthona lak\u00f3inak. Sz\u00f6vets\u00e9g\u00fcnk, a j\u00e1t\u00e9kvezet\u0151k \u00e9vz\u00e1r\u00f3 \u00f6sszej\u00f6vetel\u00e9n ez\u00fattal gy\u0171jt\u00e9st szervezett, s jelenl\u00e9v\u0151 tagjaink \u00f6nzetlen\u00fcl seg\u00edtettek! Az \u00f6sszegy\u0171jt\u00f6tt p\u00e9nzadom\u00e1nyb\u00f3l, az otthon munkat\u00e1rsainak javaslat\u00e1ra h\u0171t\u0151t v\u00e1s\u00e1roltunk. Az otthon lak\u00f3inak \u00fcnnepi m\u0171sor\u00e1t k\u00f6vet\u0151en ker\u00fclt sor az aj\u00e1nd\u00e9koz\u00e1sra. A h\u0171t\u0151nek v\u00e9lhet\u0151en nagy haszn\u00e1t fogj\u00e1k venni az otthon lak\u00f3i!<\/p>\n\n\n\n<p><strong>Ez\u00faton k\u00f6sz\u00f6nj\u00fck sz\u00f6vets\u00e9g\u00fcnk tagjainak t\u00e1mogat\u00e1s\u00e1t! <\/strong><\/p>\n\n\n\n<figure class=\"wp-block-image\"><img loading=\"lazy\" decoding=\"async\" width=\"1024\" height=\"768\" src=\"http:\/\/vmksz.hu\/wpnew\/wp-content\/uploads\/2019\/12\/huto-1024x768.jpeg\" alt=\"\" class=\"wp-image-755\" srcset=\"http:\/\/vmksz.hu\/wpnew\/wp-content\/uploads\/2019\/12\/huto-1024x768.jpeg 1024w, http:\/\/vmksz.hu\/wpnew\/wp-content\/uploads\/2019\/12\/huto-300x225.jpeg 300w, http:\/\/vmksz.hu\/wpnew\/wp-content\/uploads\/2019\/12\/huto-768x576.jpeg 768w\" sizes=\"(max-width: 767px) 89vw, (max-width: 1000px) 54vw, (max-width: 1071px) 543px, 580px\" \/><\/figure>\n","protected":false},"excerpt":{"rendered":"<p>A ny\u00e1ri k\u00e9zilabda t\u00e1boroz\u00e1sok \u00e9s az \u0151szt\u0151l indult k\u00e9zilabda edz\u00e9sek ut\u00e1n, \u00fajabb seg\u00edts\u00e9get ny\u00fajtott a Veszpr\u00e9m Megyei K\u00e9zilabda Sz\u00f6vets\u00e9g, a v\u00e1rpalotai Csal\u00e1dok \u00c1tmeneti Otthona lak\u00f3inak. Sz\u00f6vets\u00e9g\u00fcnk, a j\u00e1t\u00e9kvezet\u0151k \u00e9vz\u00e1r\u00f3 \u00f6sszej\u00f6vetel\u00e9n ez\u00fattal gy\u0171jt\u00e9st szervezett, s jelenl\u00e9v\u0151 tagjaink \u00f6nzetlen\u00fcl seg\u00edtettek! Az \u00f6sszegy\u0171jt\u00f6tt p\u00e9nzadom\u00e1nyb\u00f3l, az otthon munkat\u00e1rsainak javaslat\u00e1ra h\u0171t\u0151t v\u00e1s\u00e1roltunk. Az otthon lak\u00f3inak \u00fcnnepi m\u0171sor\u00e1t k\u00f6vet\u0151en ker\u00fclt sor &hellip; <\/p>\n<p class=\"link-more\"><a href=\"http:\/\/vmksz.hu\/wpnew\/2019\/12\/29\/adni-jo\/\" class=\"more-link\"><span class=\"screen-reader-text\">&#8222;Adni j\u00f3!&#8221;<\/span> b\u0151vebben<\/a><\/p>\n","protected":false},"author":1,"featured_media":0,"comment_status":"closed","ping_status":"closed","sticky":false,"template":"","format":"standard","meta":{"ngg_post_thumbnail":0,"_monsterinsights_skip_tracking":false,"_monsterinsights_sitenote_active":false,"_monsterinsights_sitenote_note":"","_monsterinsights_sitenote_category":0,"footnotes":""},"categories":[1],"tags":[],"_links":{"self":[{"href":"http:\/\/vmksz.hu\/wpnew\/wp-json\/wp\/v2\/posts\/754"}],"collection":[{"href":"http:\/\/vmksz.hu\/wpnew\/wp-json\/wp\/v2\/posts"}],"about":[{"href":"http:\/\/vmksz.hu\/wpnew\/wp-json\/wp\/v2\/types\/post"}],"author":[{"embeddable":true,"href":"http:\/\/vmksz.hu\/wpnew\/wp-json\/wp\/v2\/users\/1"}],"replies":[{"embeddable":true,"href":"http:\/\/vmksz.hu\/wpnew\/wp-json\/wp\/v2\/comments?post=754"}],"version-history":[{"count":1,"href":"http:\/\/vmksz.hu\/wpnew\/wp-json\/wp\/v2\/posts\/754\/revisions"}],"predecessor-version":[{"id":756,"href":"http:\/\/vmksz.hu\/wpnew\/wp-json\/wp\/v2\/posts\/754\/revisions\/756"}],"wp:attachment":[{"href":"http:\/\/vmksz.hu\/wpnew\/wp-json\/wp\/v2\/media?parent=754"}],"wp:term":[{"taxonomy":"category","embeddable":true,"href":"http:\/\/vmksz.hu\/wpnew\/wp-json\/wp\/v2\/categories?post=754"},{"taxonomy":"post_tag","embeddable":true,"href":"http:\/\/vmksz.hu\/wpnew\/wp-json\/wp\/v2\/tags?post=754"}],"curies":[{"name":"wp","href":"https:\/\/api.w.org\/{rel}","templated":true}]}}