{"id":763,"date":"2020-01-28T20:39:38","date_gmt":"2020-01-28T20:39:38","guid":{"rendered":"http:\/\/vmksz.hu\/wpnew\/?p=763"},"modified":"2020-01-28T20:39:41","modified_gmt":"2020-01-28T20:39:41","slug":"vi-handbal-osszefoglalo","status":"publish","type":"post","link":"http:\/\/vmksz.hu\/wpnew\/2020\/01\/28\/vi-handbal-osszefoglalo\/","title":{"rendered":"VI. HandB\u00e1l \u00f6sszefoglal\u00f3"},"content":{"rendered":"\n<p>Imm\u00e1ron 3. alkalommal h\u00edvtuk \u00e9letre a Betekints Wellness \u00e9s Konferencia Hotelben sz\u00f6vets\u00e9g\u00fcnk \u00e9vind\u00edt\u00f3 rendezv\u00e9ny\u00e9t. Ahogy az elm\u00falt 2 \u00e9vben \u00fagy id\u00e9n is azzal a nemes c\u00e9llal, hogy a tombolabev\u00e9tel teljes \u00f6sszeg\u00e9b\u0151l, h\u00e1tr\u00e1nyban, illetve egy sz\u00fcl\u0151s csal\u00e1dban nevelked\u0151 gyermekek k\u00e9zilabd\u00e1s t\u00e1boroztat\u00e1s\u00e1t t\u00e1mogassuk! Az elm\u00falt k\u00e9t \u00e9vben sikerrel zajlottak ezek a ny\u00e1ri t\u00e1borok. Rem\u00e9lj\u00fck, hogy a 2020-as \u00e9vben is ugyan olyan, ha nem nagyobb sikerrel tudjuk majd ezeket a t\u00e1borokat lebonyol\u00edtani.<\/p>\n\n\n\n<p>Est\u00fcnk h\u00e1ziasszonya B\u00e1tyai \u00c9va sz\u00ednm\u0171v\u00e9szn\u0151, sorra k\u00f6sz\u00f6nt\u00f6tte megh\u00edvott vend\u00e9geinket. Est\u00fcnk d\u00edszvend\u00e9geit; Deli Rit\u00e1t, az Alba Feh\u00e9rv\u00e1r KC vezet\u0151edz\u0151j\u00e9t, Fazekas N\u00e1ndort a Balatonf\u00fcred KC kapus\u00e1t, Sterbik \u00c1rp\u00e1dot a Telekom Veszpr\u00e9m kapus\u00e1t, \u00c9les J\u00f3zsefet a Veszpr\u00e9m K Kft. \u00dcgyvezet\u0151j\u00e9t. A hivatalos k\u00f6sz\u00f6nt\u00e9s ut\u00e1n S\u00f3tonyi M\u00f3nika k\u00e9pvisel\u0151 asszony k\u00f6sz\u00f6nt\u00f6tte a vend\u00e9geket v\u00e1rosunk nev\u00e9ben, majd dr. Marczinka Zolt\u00e1n igazgat\u00f3 \u00far mondta el gondolatait \u00e9s v\u00e9g\u00fcl dr. So\u00f3s K\u00e1lm\u00e1n eln\u00f6k \u00far nyitotta meg a b\u00e1lt. <\/p>\n\n\n\n<figure class=\"wp-block-image\"><img loading=\"lazy\" decoding=\"async\" width=\"1024\" height=\"683\" src=\"http:\/\/vmksz.hu\/wpnew\/wp-content\/uploads\/2020\/01\/1-74-1024x683.jpg\" alt=\"\" class=\"wp-image-764\" srcset=\"http:\/\/vmksz.hu\/wpnew\/wp-content\/uploads\/2020\/01\/1-74-1024x683.jpg 1024w, http:\/\/vmksz.hu\/wpnew\/wp-content\/uploads\/2020\/01\/1-74-300x200.jpg 300w, http:\/\/vmksz.hu\/wpnew\/wp-content\/uploads\/2020\/01\/1-74-768x512.jpg 768w\" sizes=\"(max-width: 767px) 89vw, (max-width: 1000px) 54vw, (max-width: 1071px) 543px, 580px\" \/><\/figure>\n\n\n\n<p> A 2019\/2020-as megyei bajnoks\u00e1gunk \u0151szi szezonj\u00e1nak legjobb n\u0151i \u00e9s f\u00e9rfi j\u00e1t\u00e9kos\u00e1t is k\u00f6sz\u00f6nt\u00f6tt\u00fck az est folyam\u00e1n; Horv\u00e1th Kittyt, a Resolute KC Als\u00f3\u00f6rs k\u00e9zilabd\u00e1z\u00f3j\u00e1t, \u00e9s Kapcs\u00e1ndi Krist\u00f3fot, a Bakonyerd\u0151 P\u00e1pa k\u00e9zilabd\u00e1z\u00f3j\u00e1t. Mindegyik\u00fck egy \u2013 egy eml\u00e9kplakett \u00e9s Molten labda b\u00fcszke tulajdonosa lehetett, melyeket F\u00fcrjes D\u00e9nes, a Mikrohung\u00e1ria Sport KFT. \u00e9rt\u00e9kes\u00edt\u00e9si managere, \u00e9s Antal \u00c1kos a Veszpr\u00e9m Megyei K\u00e9zilabda Sz\u00f6vet\u00e9g Versenybizotts\u00e1g\u00e1nak tagja adtak \u00e1t. <\/p>\n\n\n\n<figure class=\"wp-block-image\"><img loading=\"lazy\" decoding=\"async\" width=\"1024\" height=\"683\" src=\"http:\/\/vmksz.hu\/wpnew\/wp-content\/uploads\/2020\/01\/1-86-1024x683.jpg\" alt=\"\" class=\"wp-image-765\" srcset=\"http:\/\/vmksz.hu\/wpnew\/wp-content\/uploads\/2020\/01\/1-86-1024x683.jpg 1024w, http:\/\/vmksz.hu\/wpnew\/wp-content\/uploads\/2020\/01\/1-86-300x200.jpg 300w, http:\/\/vmksz.hu\/wpnew\/wp-content\/uploads\/2020\/01\/1-86-768x512.jpg 768w\" sizes=\"(max-width: 767px) 89vw, (max-width: 1000px) 54vw, (max-width: 1071px) 543px, 580px\" \/><\/figure>\n\n\n\n<p>\n\n\n\n\n\n\n\n\n\n\n\n\n\n\n\n\nA 4\nfog\u00e1sos g\u00e1lavacsora ut\u00e1n G\u00e1jer B\u00e1lint sz\u00f3rakoztatott benn\u00fcnket szving\nsl\u00e1gerekkel, k\u00f6zben pedig a Fant\u00e1zia fot\u00f3st\u00fadi\u00f3 munkat\u00e1rsai kapt\u00e1k lencsev\u00e9gre\nvend\u00e9geinket, a k\u00e9peket pedig m\u00e9g az est folyam\u00e1n k\u00e9zhez is kapt\u00e1k. A\ntombolasorsol\u00e1s hozta ism\u00e9t l\u00e1zba a r\u00e9sztvev\u0151ket, hiszen a finom borok \u00e9s \u00e9tkek\nmellett, sz\u00e1mos k\u00e9zilabda ereklye, mez, labda, k\u00f6zt\u00fck az idei \u00e9v VB labd\u00e1ja\ndedik\u00e1lva \u00e9s nem utols\u00f3 sorban az MTD f\u0171ny\u00edr\u00f3 is gazd\u00e1ra tal\u00e1lt. A tombola\nsorsol\u00e1s amellett, hogy bev\u00e9tel\u00e9b\u0151l nemes c\u00e9lt t\u00e1mogatott, j\u00f3 hangulatot\nalapozott meg a hajnal 1 \u00f3r\u00e1ra beharangozott szt\u00e1rvend\u00e9geinkhez. \u0150k nem voltak\nm\u00e1sok, mint a mulat\u00f3s vil\u00e1g k\u00e9t vid\u00e1m alakja, Matyi \u00e9s a Heged\u0171s. A fell\u00e9p\u0151k\nut\u00e1n pedig DJ Zsir\u00e1f szolg\u00e1ltatta a talp al\u00e1 val\u00f3t hajnalig.\n\n\n\n<\/p>\n","protected":false},"excerpt":{"rendered":"<p>Imm\u00e1ron 3. alkalommal h\u00edvtuk \u00e9letre a Betekints Wellness \u00e9s Konferencia Hotelben sz\u00f6vets\u00e9g\u00fcnk \u00e9vind\u00edt\u00f3 rendezv\u00e9ny\u00e9t. Ahogy az elm\u00falt 2 \u00e9vben \u00fagy id\u00e9n is azzal a nemes c\u00e9llal, hogy a tombolabev\u00e9tel teljes \u00f6sszeg\u00e9b\u0151l, h\u00e1tr\u00e1nyban, illetve egy sz\u00fcl\u0151s csal\u00e1dban nevelked\u0151 gyermekek k\u00e9zilabd\u00e1s t\u00e1boroztat\u00e1s\u00e1t t\u00e1mogassuk! Az elm\u00falt k\u00e9t \u00e9vben sikerrel zajlottak ezek a ny\u00e1ri t\u00e1borok. Rem\u00e9lj\u00fck, hogy a 2020-as &hellip; <\/p>\n<p class=\"link-more\"><a href=\"http:\/\/vmksz.hu\/wpnew\/2020\/01\/28\/vi-handbal-osszefoglalo\/\" class=\"more-link\"><span class=\"screen-reader-text\">&#8222;VI. HandB\u00e1l \u00f6sszefoglal\u00f3&#8221;<\/span> b\u0151vebben<\/a><\/p>\n","protected":false},"author":1,"featured_media":0,"comment_status":"closed","ping_status":"closed","sticky":false,"template":"","format":"standard","meta":{"ngg_post_thumbnail":0,"_monsterinsights_skip_tracking":false,"_monsterinsights_sitenote_active":false,"_monsterinsights_sitenote_note":"","_monsterinsights_sitenote_category":0,"footnotes":""},"categories":[1],"tags":[],"_links":{"self":[{"href":"http:\/\/vmksz.hu\/wpnew\/wp-json\/wp\/v2\/posts\/763"}],"collection":[{"href":"http:\/\/vmksz.hu\/wpnew\/wp-json\/wp\/v2\/posts"}],"about":[{"href":"http:\/\/vmksz.hu\/wpnew\/wp-json\/wp\/v2\/types\/post"}],"author":[{"embeddable":true,"href":"http:\/\/vmksz.hu\/wpnew\/wp-json\/wp\/v2\/users\/1"}],"replies":[{"embeddable":true,"href":"http:\/\/vmksz.hu\/wpnew\/wp-json\/wp\/v2\/comments?post=763"}],"version-history":[{"count":1,"href":"http:\/\/vmksz.hu\/wpnew\/wp-json\/wp\/v2\/posts\/763\/revisions"}],"predecessor-version":[{"id":766,"href":"http:\/\/vmksz.hu\/wpnew\/wp-json\/wp\/v2\/posts\/763\/revisions\/766"}],"wp:attachment":[{"href":"http:\/\/vmksz.hu\/wpnew\/wp-json\/wp\/v2\/media?parent=763"}],"wp:term":[{"taxonomy":"category","embeddable":true,"href":"http:\/\/vmksz.hu\/wpnew\/wp-json\/wp\/v2\/categories?post=763"},{"taxonomy":"post_tag","embeddable":true,"href":"http:\/\/vmksz.hu\/wpnew\/wp-json\/wp\/v2\/tags?post=763"}],"curies":[{"name":"wp","href":"https:\/\/api.w.org\/{rel}","templated":true}]}}