{"id":775,"date":"2020-02-13T19:51:07","date_gmt":"2020-02-13T19:51:07","guid":{"rendered":"http:\/\/vmksz.hu\/wpnew\/?p=775"},"modified":"2020-02-13T19:51:10","modified_gmt":"2020-02-13T19:51:10","slug":"ev-kezilabdazoi-2019","status":"publish","type":"post","link":"http:\/\/vmksz.hu\/wpnew\/2020\/02\/13\/ev-kezilabdazoi-2019\/","title":{"rendered":"\u00c9v k\u00e9zilabd\u00e1z\u00f3i 2019"},"content":{"rendered":"\n<p>A Magyar K\u00e9zilabda Sz\u00f6vets\u00e9g (MKSZ) h\u00e9tf\u0151i eln\u00f6ks\u00e9gi \u00fcl\u00e9s\u00e9n megv\u00e1lasztotta a 2019-es esztend\u0151 legjobb k\u00e9zilabd\u00e1z\u00f3it. T\u00f6bb Veszpr\u00e9m megyei sportember is a d\u00edjazottak k\u00f6z\u00f6tt van.<\/p>\n\n\n\n<p>Az <strong>\u00e9v\njunior f\u00e9rfi k\u00e9zilabd\u00e1z\u00f3j\u00e1<\/strong>nak <strong>Szita\nZolt\u00e1n<\/strong>t a Telekom Veszpr\u00e9m \u00e9s az Orlen Wisla Plock bal\u00e1tl\u00f6v\u0151j\u00e9nek szavazt\u00e1k\nmeg.<\/p>\n\n\n\n<p>A serd\u00fcl\u0151k k\u00f6z\u00f6tt az NB I\/B-s Veszpr\u00e9mi\nKKFT meghat\u00e1roz\u00f3 j\u00e1t\u00e9kosa \u00e9rdemelte ki a szavazatokat: <strong>Fazekas Gerg\u0151<\/strong> veheti \u00e1t a koroszt\u00e1ly\u00e1ban az eml\u00e9kplakettet.<\/p>\n\n\n\n<p>Az \u00e9v legjobb k\u00fclf\u00f6ldi k\u00e9zilabd\u00e1z\u00f3ja\npedig a veszpr\u00e9mi <strong>Petar Nenadics<\/strong>\nlett.<\/p>\n\n\n\n<p>A strandk\u00e9zilabd\u00e1sokn\u00e1l is veszpr\u00e9mi sikernek tapsolhattunk, <strong>Melnyicsuk Viktor<\/strong> lett a f\u00e9rfiak legjobbja, aki az NB I\/B-ben teremben \u00e9s homokon is kiv\u00e1l\u00f3an teljes\u00edt. Az \u00e9v strandk\u00e9zilabd\u00e1z\u00f3 p\u00e1rosa pedig a <strong>Marton Bal\u00e1zs-T\u00f3bi\u00e1s Rich\u00e1rd<\/strong> kett\u0151s kapta meg. <\/p>\n\n\n\n<p>A f\u00e9rfiakn\u00e1l <strong>az \u00e9v k\u00e9zilabd\u00e1z\u00f3ja<\/strong> d\u00edjat B\u00e1nhidi Bence, a magyar v\u00e1logatott \u00e9s a\nMOL-Pick Szeged be\u00e1ll\u00f3ja \u00e9rdemelte ki, aki kimagasl\u00f3an teljes\u00edtett eg\u00e9sz\nesztend\u0151ben.<\/p>\n\n\n\n<p>A n\u0151kn\u00e9l az FTC Rail Cargo j\u00e1t\u00e9kosa, Schatzl Nadine \u00e9rdemelte ki az elismer\u00e9st. Megv\u00e1lasztott\u00e1k az <strong>\u00e9v kapus\u00e1t<\/strong> is, aki nem is lehetett m\u00e1s, mint a Telekom Veszpr\u00e9mb\u0151l a Tisza-parti egy\u00fctteshez igazol\u00f3 Mikler Roland.  <\/p>\n\n\n\n<p><strong>Tov\u00e1bbi d\u00edjazottak:<\/strong><strong><\/strong><\/p>\n\n\n\n<p><strong>Az \u00e9v legjobb junior n\u0151i k\u00e9zilabd\u00e1z\u00f3ja<\/strong>: V\u00e1mos Petra (NEKA, DVSC). <br><strong>Ifi kateg\u00f3ria<\/strong>: Bogn\u00e1r Alex (V\u00e1ci KSE, FTC),Kajdon Blanka (NEKA). <br><strong>Serd\u00fcl\u0151 n\u0151i<\/strong>: Farkas J\u00falia (Gy\u0151ri ETO).<br><strong>Az \u00e9v legjobb v\u00e9d\u0151j\u00e1t\u00e9kosa<\/strong>: Sipos Adri\u00e1n (Tatab\u00e1nya). N\u0151i: Tomori Zsuzsanna (Gy\u0151ri ETO).<br><strong>Az \u00e9v legjobb n\u0151i kapusa<\/strong>: B\u00edr\u00f3 Blanka (FTC).<br><strong>Az \u00e9v legjobb n\u0151i k\u00fclf\u00f6ldi j\u00e1t\u00e9kosa<\/strong>: Stine Oftedal (Gy\u0151ri ETO).<br><strong>Az \u00e9v j\u00e1t\u00e9kvezet\u0151 p\u00e1rosa<\/strong>: Hargitai G\u00e1bor, Mark\u00f3 G\u00e1bor.<br><strong>Az \u00e9v legjobb fiatal j\u00e1t\u00e9kvezet\u0151i p\u00e1rosa<\/strong>: Paska D\u00e1niel, Vastag S\u00e1muel.<br><strong>Az \u00e9v legjobb n\u0151i j\u00e1t\u00e9kvezet\u0151i p\u00e1rosa<\/strong>: Hantos Dorina, R\u00f3zsahegyi Brigitta.<br><strong>Az \u00e9v legjobb cs\u00f6rg\u0151labda j\u00e1t\u00e9kosa<\/strong>: Sz\u00e1raz B\u00e1lint. N\u0151i: Simon Felicita.<br><strong>Az \u00e9v legjobb kerekessz\u00e9kes j\u00e1t\u00e9kosa<\/strong>: Tomolya P\u00e9ter. <\/p>\n\n\n\n<figure class=\"wp-block-image\"><img loading=\"lazy\" decoding=\"async\" width=\"750\" height=\"500\" src=\"http:\/\/vmksz.hu\/wpnew\/wp-content\/uploads\/2020\/02\/nenadic.jpg\" alt=\"\" class=\"wp-image-776\" srcset=\"http:\/\/vmksz.hu\/wpnew\/wp-content\/uploads\/2020\/02\/nenadic.jpg 750w, http:\/\/vmksz.hu\/wpnew\/wp-content\/uploads\/2020\/02\/nenadic-300x200.jpg 300w\" sizes=\"(max-width: 706px) 89vw, (max-width: 767px) 82vw, 740px\" \/><figcaption> Petar Nenadi\u0107<\/figcaption><\/figure>\n\n\n\n<figure class=\"wp-block-image\"><img loading=\"lazy\" decoding=\"async\" width=\"723\" height=\"413\" src=\"http:\/\/vmksz.hu\/wpnew\/wp-content\/uploads\/2020\/02\/szita-zolt\u00e1n.jpg\" alt=\"\" class=\"wp-image-777\" srcset=\"http:\/\/vmksz.hu\/wpnew\/wp-content\/uploads\/2020\/02\/szita-zolt\u00e1n.jpg 723w, http:\/\/vmksz.hu\/wpnew\/wp-content\/uploads\/2020\/02\/szita-zolt\u00e1n-300x171.jpg 300w\" sizes=\"(max-width: 723px) 100vw, 723px\" \/><figcaption>Szita Zolt\u00e1n<\/figcaption><\/figure>\n\n\n\n<figure class=\"wp-block-image\"><img loading=\"lazy\" decoding=\"async\" width=\"706\" height=\"698\" src=\"http:\/\/vmksz.hu\/wpnew\/wp-content\/uploads\/2020\/02\/viktor.jpg\" alt=\"\" class=\"wp-image-778\" srcset=\"http:\/\/vmksz.hu\/wpnew\/wp-content\/uploads\/2020\/02\/viktor.jpg 706w, http:\/\/vmksz.hu\/wpnew\/wp-content\/uploads\/2020\/02\/viktor-300x297.jpg 300w, http:\/\/vmksz.hu\/wpnew\/wp-content\/uploads\/2020\/02\/viktor-100x100.jpg 100w\" sizes=\"(max-width: 706px) 100vw, 706px\" \/><figcaption>Melnyicsuk Viktor<\/figcaption><\/figure>\n","protected":false},"excerpt":{"rendered":"<p>A Magyar K\u00e9zilabda Sz\u00f6vets\u00e9g (MKSZ) h\u00e9tf\u0151i eln\u00f6ks\u00e9gi \u00fcl\u00e9s\u00e9n megv\u00e1lasztotta a 2019-es esztend\u0151 legjobb k\u00e9zilabd\u00e1z\u00f3it. T\u00f6bb Veszpr\u00e9m megyei sportember is a d\u00edjazottak k\u00f6z\u00f6tt van. Az \u00e9v junior f\u00e9rfi k\u00e9zilabd\u00e1z\u00f3j\u00e1nak Szita Zolt\u00e1nt a Telekom Veszpr\u00e9m \u00e9s az Orlen Wisla Plock bal\u00e1tl\u00f6v\u0151j\u00e9nek szavazt\u00e1k meg. A serd\u00fcl\u0151k k\u00f6z\u00f6tt az NB I\/B-s Veszpr\u00e9mi KKFT meghat\u00e1roz\u00f3 j\u00e1t\u00e9kosa \u00e9rdemelte ki a szavazatokat: &hellip; <\/p>\n<p class=\"link-more\"><a href=\"http:\/\/vmksz.hu\/wpnew\/2020\/02\/13\/ev-kezilabdazoi-2019\/\" class=\"more-link\"><span class=\"screen-reader-text\">&#8222;\u00c9v k\u00e9zilabd\u00e1z\u00f3i 2019&#8221;<\/span> b\u0151vebben<\/a><\/p>\n","protected":false},"author":1,"featured_media":0,"comment_status":"closed","ping_status":"closed","sticky":false,"template":"","format":"standard","meta":{"ngg_post_thumbnail":0,"_monsterinsights_skip_tracking":false,"_monsterinsights_sitenote_active":false,"_monsterinsights_sitenote_note":"","_monsterinsights_sitenote_category":0,"footnotes":""},"categories":[1],"tags":[],"_links":{"self":[{"href":"http:\/\/vmksz.hu\/wpnew\/wp-json\/wp\/v2\/posts\/775"}],"collection":[{"href":"http:\/\/vmksz.hu\/wpnew\/wp-json\/wp\/v2\/posts"}],"about":[{"href":"http:\/\/vmksz.hu\/wpnew\/wp-json\/wp\/v2\/types\/post"}],"author":[{"embeddable":true,"href":"http:\/\/vmksz.hu\/wpnew\/wp-json\/wp\/v2\/users\/1"}],"replies":[{"embeddable":true,"href":"http:\/\/vmksz.hu\/wpnew\/wp-json\/wp\/v2\/comments?post=775"}],"version-history":[{"count":1,"href":"http:\/\/vmksz.hu\/wpnew\/wp-json\/wp\/v2\/posts\/775\/revisions"}],"predecessor-version":[{"id":779,"href":"http:\/\/vmksz.hu\/wpnew\/wp-json\/wp\/v2\/posts\/775\/revisions\/779"}],"wp:attachment":[{"href":"http:\/\/vmksz.hu\/wpnew\/wp-json\/wp\/v2\/media?parent=775"}],"wp:term":[{"taxonomy":"category","embeddable":true,"href":"http:\/\/vmksz.hu\/wpnew\/wp-json\/wp\/v2\/categories?post=775"},{"taxonomy":"post_tag","embeddable":true,"href":"http:\/\/vmksz.hu\/wpnew\/wp-json\/wp\/v2\/tags?post=775"}],"curies":[{"name":"wp","href":"https:\/\/api.w.org\/{rel}","templated":true}]}}