{"id":783,"date":"2020-03-10T17:48:08","date_gmt":"2020-03-10T17:48:08","guid":{"rendered":"http:\/\/vmksz.hu\/wpnew\/?p=783"},"modified":"2020-03-10T17:53:41","modified_gmt":"2020-03-10T17:53:41","slug":"kezdodobas-program","status":"publish","type":"post","link":"http:\/\/vmksz.hu\/wpnew\/2020\/03\/10\/kezdodobas-program\/","title":{"rendered":"Kezd\u0151dob\u00e1s program"},"content":{"rendered":"\n<p>Az elm\u00falt h\u00e9tv\u00e9g\u00e9n az U8, valamint az U9-es ut\u00e1np\u00f3tl\u00e1s versenyek mellett Veszpr\u00e9m megy\u00e9ben is megrendez\u00e9sre ker\u00fcl a &#8222;Kezd\u0151dob\u00e1s&#8221; nev\u0171 program. A k\u00e9zilabd\u00e1val ismerked\u0151 gyermekek szombaton Als\u00f3\u00f6rs\u00f6n, vas\u00e1rnap pedig Balatonf\u00fcreden m\u00e9rk\u0151zhettek meg egym\u00e1ssal.<\/p>\n\n\n\n<p>A \u201eKezd\u0151dob\u00e1s\u201d program az U8-U9 kisiskol\u00e1s versenyek helysz\u00ednein a m\u00e9rk\u0151z\u00e9sek sor\u00e1n, m\u00e1r id\u00e9n tavasszal megjelenik fesztiv\u00e1l jelleggel a megyei k\u00e9zilabda sz\u00f6vets\u00e9gek szervez\u00e9s\u00e9ben. A legfontosabb c\u00e9l, hogy a legkisebbek j\u00e1t\u00e9kosan tanulj\u00e1k meg a sport\u00e1g alapjait. A h\u00e9tv\u00e9gi torn\u00e1t a gyermekek, sz\u00fcl\u0151k \u00e9s a n\u00e9z\u0151k is egyar\u00e1nt nagyon \u00e9lvezt\u00e9k!<\/p>\n\n\n\n<div class=\"wp-block-image\"><figure class=\"aligncenter\"><img decoding=\"async\" src=\"https:\/\/lh3.googleusercontent.com\/J8TSQaPNKslZxzNMESQYRscYOr0t5EZVPSz-1XCGPxzdirWR9D3MNq8yOFX-AE-EmaRr6H6fgipx3YFrvgABY7rISz1L6MBmW13mlleMBQ7ugqZmGqdK5UzHaENpPZN48ukFWQhZKNsM4-MtuuqIaEIy-POnpxN4XCNDVcHILnD_gjow2rP5IjEqamitaU5Rx667M5DK8AR4P-t8DVEZyIui2Oj58t1yChA9QBN6bL252WgJaY1bQK62-3sMskpRkD4ZjJqpU5t046eQ7wpU0BG9hL58lU2T7ke8hzAI2h1XV4OEf1t7FilzuH78Mqbvy1AOf0sik-zfFfOysD5dF4iHUEvibthlcp4wdOGG-xpnRnmKnpvTKV1w8rO_3g84OQtbfxcTUXYy9MBv_x1oE92orY6vqRV_aOGUPSh2t90HD_O0oWqPhzpjonVVcKyebnFIXtRq1H-_nw00yyZf40J-45_68MRoZK5eaHLHXgHMMUzOaf2M77jzkkVEZnVRaPc7CShquV-WCKdfFnY2Sf-x2oXCc42EfnpOX8rKpylTfobPWtV-l0SU3hTlE94YkOV4okcMkSYE2ZMQBDjE9_hR6CVBmQvImz2LvhHvmYpahe-AZEiMY2JSn7jdmMwU241k63DCEm5jNmOf_dk2KLQW-nAAqV3KUIwdZswEtpKIQlwQev45Vhw=s388-no\" alt=\"\"\/><\/figure><\/div>\n\n\n\n<div class=\"wp-block-image\"><figure class=\"aligncenter\"><img decoding=\"async\" src=\"https:\/\/lh3.googleusercontent.com\/fgX2kGdxXYvxA_OLmZJHqJ0wZk0j2-0Hh-spt30KpKk4_xuLMNQ928ShDYF7ggoEmDLLeZGX4xfYGKS1kHnrBiqLqDpiGYWEdUuas7TcEF5J7Q2pkgBAvScVQS1ME5WswrXhppBYuUA8aRL_lVzSRgRVAgg6X5_ruOB0XaIoG5CgKSdaOhcT4dDkA56ZWSPw4lCIhymU-lFaV-BTMVsCZaWz5W2iNUGcaT_5amzSkwc2f7YMP4_yt5kNUP6wprin3oIGUBvoe0Bi8pqmagq8MLFolaj3Sd7S8BHVTdp_K8hM1C4kT4-wfDjQ2_eY8_Ce33rKEOWsN5Dbi5De2TKNf9VlJVAD3YKMIiotRYzr-smmZkXEqdvt8HZp4umQklrlot94NNuMk0djqNRyxvIHB4GIMqXTMTPyXRjaCE8MW3P2_9RQHI9NRc1NlcV7ZsQgaSf2uYfYTzC-UWfnUik4Bv-a_9eUvo1EpFpDx8gigNwUT52cVYXbEqC3yCWTo85NfSJso92Fkg3wONDtlFJEN-1n4JaQvTc5mOF7Au9lF-r0B2V0vvO0w3tUogJ4LxekOwYnzgxrgIDX392CKjMjF76Yvtvrst9R6M0D-MbnqacQVAuBuIaA1UGu8uv2es_YLgUjqRqvcXMA1OgEHnqnjVFvskmj5a_iJTWgP53DOm2cW5n6WqnYO9E=s388-no\" alt=\"\"\/><\/figure><\/div>\n\n\n\n<div class=\"wp-block-image\"><figure class=\"aligncenter\"><img decoding=\"async\" src=\"https:\/\/lh3.googleusercontent.com\/nY5_hD1jYCR0MOlJE3P5MweauQs0hj8-O8YrflAJ35Kxbm2BiK28LiH2YBsgErDWP1FcNWAyp21xJ463BdgF1EU8sLvjaSnFB2T-nVXGXjHkn6eEq9PHCFMyrKiEZ33ez8rnXdazuc5E_3ueoLSVgny4gTMsY1MoGcYrV6F6tZfOLkyd-uc4TwO-63sfVusAfJ7eV12-03xZD0hPqJUNnPv6V1EVUd3D74YtY2VpZlh5wpXbMGtXxH-lfh0MMNlR78Js2HmahcD60dyph4ySEkGQ9F4fvus8QAwjwcPXQagyHHT0oImhvsYgoq9HxKsG8UMRqxwMS96rTvYN_x4IghbWCXqdGxvQ8VbOIywUQlbrILmnwV-HY5p0ZFW_0muaCNrR4sgM3-rgij1A13n6ys0tpSWCDgIR56LOPm1pMcvBaVjfFqScZQflo9FOFFnG-sUzecuLcwWQaJHKXPu5z7IL8rcTpeV7GPQgXV_6H64DOkZ0I1wAcYONIDgxd70osgXRKZdENnSf2XAi9XnBno5ETGlsnhnQetUo-BOU0rlB7ik9I7vsuEM0ZQoeaPbpSce3FRYovhPh1ZE3H-jGaTOEmSRj29um8S-oig8NcQ-a_x33ZkJiCd-Ju-hkt4ZuRmxVvZ7aX5TjIYCZ6NLAqVCX9_NMkTNH44tzoK-oyBzZTWXEpPXpyac=s388-no\" alt=\"\"\/><\/figure><\/div>\n\n\n\n<iframe loading=\"lazy\" src=\"https:\/\/www.facebook.com\/plugins\/video.php?href=https%3A%2F%2Fwww.facebook.com%2Fvmkszveszprem%2Fvideos%2F1379794012228964%2F&#038;show_text=0&#038;width=238\" width=\"238\" height=\"476\" style=\"border:none;overflow:hidden\" scrolling=\"no\" frameborder=\"0\" allowTransparency=\"true\" allowFullScreen=\"true\"><\/iframe>\n\n\n\n<p>A j\u00e1t\u00e9knapok lehet\u0151s\u00e9get biztos\u00edtanak azoknak a k\u00f6z\u00e9piskol\u00e1s fiataloknak is, akik kedvet \u00e9reznek magukban, hogy kipr\u00f3b\u00e1lj\u00e1k a kicsikkel val\u00f3 foglalkoz\u00e1s lehet\u0151s\u00e9geit (m\u00e9rk\u0151z\u00e9sek vezet\u00e9se, j\u00e1t\u00e9kok szervez\u00e9se, vezet\u00e9se).<\/p>\n\n\n\n<div class=\"wp-block-image\"><figure class=\"aligncenter\"><img decoding=\"async\" src=\"https:\/\/lh3.googleusercontent.com\/xgWYCtmTKtr8z4pegIIb_Xzx2g81-6plZ4RKz0mZ2x-7gyxIIaYBDJRbUj94deC93Ha3xcLNv4Vd9q8sQr8fZAUz95NQi9EaJ28hEWNSfcC_GozAvAESrplpBTIX9WzkddEeS6FwmHXcriwF9JBraFVTfbQfG8cLD4g-mUYGbqCDP0Fv8dSnQS2jLTmucAcazzY1Bu545318U3CX7vNfjVUb738kbxhgJtukrqMMnkyoHGmT3IWCTGTUQwPzvkjol9ImwV_NdrZHyqgfxRczDP_QyuXdJKRF-HrIjf3ZWaObyXcO5M1MS6OdiNpqHapXEXBOvJ2KiP4yZCWWHG8bGnu_aVAiboWx1zHGBrNKKE9I4s151W11wzECxH8NS_ZUtQBMVBwcTdbey09k9iC1Vc2AcC70ZLH6eOr8_sM-79VDRFebR9HFCJt8UkkXRzAHl9bi85zqdhjbun-CRr23PhL2N5t9so4DeAksoxyZiG73Q8GqDALlw3l8b1MubWfrrwj4gDWJrFw_BB9AwvDeqCc5ByDyRsixzAToidJirpCysxVJO7d7XViSbc41O5tBgy80Hk6HHtq0NSnGhNlw5qT7YwmXKn2drZX8NUzUCayENSN26U3n7e6UD25MsqPzTqkPhB_ADvxH7jn32Fg6-T7a8DNJIHpxatCkkhQEFDT8n5yY-up1siA=s728-no\" alt=\"\"\/><\/figure><\/div>\n\n\n\n<p>Az al\u00e1bbi vide\u00f3 betekint\u00e9st ny\u00fajt a tavalyi \u00e9vben rendezett Sulik\u00e9zi Fesztiv\u00e1l Kezd\u0151dob\u00e1s programj\u00e1r\u00f3l:<\/p>\n\n\n\n<figure class=\"wp-block-embed-youtube wp-block-embed is-type-video is-provider-youtube wp-embed-aspect-16-9 wp-has-aspect-ratio\"><div class=\"wp-block-embed__wrapper\">\n<iframe loading=\"lazy\" title=\"Kezd\u0151dob\u00e1s\" width=\"525\" height=\"295\" src=\"https:\/\/www.youtube.com\/embed\/ANU1HmgQRH4?feature=oembed\" frameborder=\"0\" allow=\"accelerometer; autoplay; encrypted-media; gyroscope; picture-in-picture\" allowfullscreen><\/iframe>\n<\/div><\/figure>\n","protected":false},"excerpt":{"rendered":"<p>Az elm\u00falt h\u00e9tv\u00e9g\u00e9n az U8, valamint az U9-es ut\u00e1np\u00f3tl\u00e1s versenyek mellett Veszpr\u00e9m megy\u00e9ben is megrendez\u00e9sre ker\u00fcl a &#8222;Kezd\u0151dob\u00e1s&#8221; nev\u0171 program. A k\u00e9zilabd\u00e1val ismerked\u0151 gyermekek szombaton Als\u00f3\u00f6rs\u00f6n, vas\u00e1rnap pedig Balatonf\u00fcreden m\u00e9rk\u0151zhettek meg egym\u00e1ssal. A \u201eKezd\u0151dob\u00e1s\u201d program az U8-U9 kisiskol\u00e1s versenyek helysz\u00ednein a m\u00e9rk\u0151z\u00e9sek sor\u00e1n, m\u00e1r id\u00e9n tavasszal megjelenik fesztiv\u00e1l jelleggel a megyei k\u00e9zilabda sz\u00f6vets\u00e9gek szervez\u00e9s\u00e9ben. A &hellip; <\/p>\n<p class=\"link-more\"><a href=\"http:\/\/vmksz.hu\/wpnew\/2020\/03\/10\/kezdodobas-program\/\" class=\"more-link\"><span class=\"screen-reader-text\">&#8222;Kezd\u0151dob\u00e1s program&#8221;<\/span> b\u0151vebben<\/a><\/p>\n","protected":false},"author":1,"featured_media":0,"comment_status":"closed","ping_status":"closed","sticky":false,"template":"","format":"standard","meta":{"ngg_post_thumbnail":0,"_monsterinsights_skip_tracking":false,"_monsterinsights_sitenote_active":false,"_monsterinsights_sitenote_note":"","_monsterinsights_sitenote_category":0,"footnotes":""},"categories":[1],"tags":[],"_links":{"self":[{"href":"http:\/\/vmksz.hu\/wpnew\/wp-json\/wp\/v2\/posts\/783"}],"collection":[{"href":"http:\/\/vmksz.hu\/wpnew\/wp-json\/wp\/v2\/posts"}],"about":[{"href":"http:\/\/vmksz.hu\/wpnew\/wp-json\/wp\/v2\/types\/post"}],"author":[{"embeddable":true,"href":"http:\/\/vmksz.hu\/wpnew\/wp-json\/wp\/v2\/users\/1"}],"replies":[{"embeddable":true,"href":"http:\/\/vmksz.hu\/wpnew\/wp-json\/wp\/v2\/comments?post=783"}],"version-history":[{"count":3,"href":"http:\/\/vmksz.hu\/wpnew\/wp-json\/wp\/v2\/posts\/783\/revisions"}],"predecessor-version":[{"id":787,"href":"http:\/\/vmksz.hu\/wpnew\/wp-json\/wp\/v2\/posts\/783\/revisions\/787"}],"wp:attachment":[{"href":"http:\/\/vmksz.hu\/wpnew\/wp-json\/wp\/v2\/media?parent=783"}],"wp:term":[{"taxonomy":"category","embeddable":true,"href":"http:\/\/vmksz.hu\/wpnew\/wp-json\/wp\/v2\/categories?post=783"},{"taxonomy":"post_tag","embeddable":true,"href":"http:\/\/vmksz.hu\/wpnew\/wp-json\/wp\/v2\/tags?post=783"}],"curies":[{"name":"wp","href":"https:\/\/api.w.org\/{rel}","templated":true}]}}