{"id":788,"date":"2020-03-12T11:13:58","date_gmt":"2020-03-12T11:13:58","guid":{"rendered":"http:\/\/vmksz.hu\/wpnew\/?p=788"},"modified":"2020-03-12T11:14:01","modified_gmt":"2020-03-12T11:14:01","slug":"hivatalos-mksz-kozlemeny-a-koronavirussal-kapcsolatban","status":"publish","type":"post","link":"http:\/\/vmksz.hu\/wpnew\/2020\/03\/12\/hivatalos-mksz-kozlemeny-a-koronavirussal-kapcsolatban\/","title":{"rendered":"Hivatalos MKSZ k\u00f6zlem\u00e9ny a koronav\u00edrussal kapcsolatban"},"content":{"rendered":"\n<p><strong><em>Al\u00e1bb olvashat\u00f3 a Magyar K\u00e9zilabda Sz\u00f6vets\u00e9g hivatalos t\u00e1j\u00e9koztat\u00e1sa a koronav\u00edrussal kapcsolatban.<\/em><\/strong><\/p>\n\n\n\n<p>A Magyar K\u00e9zilabda Sz\u00f6vets\u00e9g a koronav\u00edrus miatt kialakult \u00e1llapot \u00e9s a korm\u00e1nyzat \u00e1ltal kihirdetett vesz\u00e9lyhelyzet miatt d\u00f6nt\u00e9seket hozott a soron k\u00f6vetkez\u0151 k\u00e9zilabd\u00e1s versenyekkel kapcsolatban, a vesz\u00e9lyhelyzet \u00e9rv\u00e9nyes\u00edt\u00e9s\u00e9re.\u00a0<\/p>\n\n\n\n<p>Az MKSZ sz\u00e1m\u00e1ra a sport\u00e1ggal kapcsolatos k\u00f6telezetts\u00e9gein \u00e9s elhivatotts\u00e1g\u00e1n t\u00fal kiemelt jelent\u0151s\u00e9g\u0171 a magyar k\u00e9zilabd\u00e1z\u00e1s valamennyi szerepl\u0151j\u00e9nek, valamint a szurkol\u00f3k eg\u00e9szs\u00e9g\u00e9nek v\u00e9delme, \u00e9s elk\u00f6telezett a vesz\u00e9lyhelyzeti joggyakorlat \u00e9s a jogszab\u00e1lyok betart\u00e1sa mellett. A sz\u00f6vets\u00e9g d\u00f6nt\u00e9sei a jelenlegi, m\u00e1rcius 12-\u00e9n \u00e9rv\u00e9nyes jogszab\u00e1lyok \u00e9s helyzet mellett sz\u00fclettek meg, de a k\u00f6zelj\u00f6v\u0151ben a j\u00e1rv\u00e1ny\u00fcgyi helyzet, valamint a jogszab\u00e1lyi k\u00f6rnyezet v\u00e1ltoz\u00e1s\u00e1val elk\u00e9pzelhet\u0151ek \u00fajabb m\u00f3dos\u00edt\u00e1sok.<\/p>\n\n\n\n<p>A Magyar K\u00e9zilabda Sz\u00f6vets\u00e9g a Nemzetk\u00f6zi K\u00e9zilabda Sz\u00f6vets\u00e9ggel (IHF) egyeztetve a 2020. m\u00e1rcius 20-22. k\u00f6z\u00f6tt Gy\u0151r\u00f6tt sorra ker\u00fcl\u0151 n\u0151i olimpiai selejtez\u0151torn\u00e1t z\u00e1rt kapuk m\u00f6g\u00f6tt rendezi meg. Az MKSZ rendszer\u00e9ben (playhandball.hu internetes oldal \u00e9s az MKSZ K\u00e9zishopja) online v\u00e1s\u00e1rolt jegyek \u00e1r\u00e1t a sz\u00f6vets\u00e9g a vev\u0151k r\u00e9sz\u00e9re automatikusan online visszautalja, ennek pontos \u00e9s miel\u0151bbi megold\u00e1s\u00e1n a sz\u00f6vets\u00e9g banki partner\u00e9vel egy\u00fctt folyamatosan dolgozik. Az MKSZ-shopban (Budapest VIII. ker\u00fclet, K\u00f6nyves K\u00e1lm\u00e1n krt. 76.) v\u00e1s\u00e1rolt jegyek visszafizet\u00e9s\u00e9t a sz\u00f6vets\u00e9g szint\u00e9n garant\u00e1lja, ennek m\u00f3dj\u00e1r\u00f3l k\u00e9s\u0151bb tudunk t\u00e1j\u00e9koztat\u00e1st adni.<\/p>\n\n\n\n<p>Az Eur\u00f3pai K\u00e9zilabda Sz\u00f6vets\u00e9ggel (EHF) t\u00f6rt\u00e9nt egyeztet\u00e9s nyom\u00e1n szint\u00e9n z\u00e1rt kapu m\u00f6g\u00f6tt ker\u00fcl sor a 2020. m\u00e1rcius 25-\u00e9re ki\u00edrt Magyarorsz\u00e1g\u2013Montenegr\u00f3i n\u0151i Eur\u00f3pa-bajnoki selejtez\u0151re. Erre az EHF szab\u00e1lyai lehet\u0151s\u00e9get biztos\u00edtanak, hiszen alternat\u00edv megold\u00e1sk\u00e9nt aj\u00e1nlotta fel az eur\u00f3pai sz\u00f6vets\u00e9g a tal\u00e1lkoz\u00f3 k\u00e9s\u0151bbi megrendez\u00e9s\u00e9t, ugyanakkor az MKSZ folyamatosan egyeztet az EHF-fel \u00e9s a montenegr\u00f3i sz\u00f6vets\u00e9ggel.<\/p>\n\n\n\n<p>A magyar ut\u00e1np\u00f3tl\u00e1s-v\u00e1logatottak k\u00fclf\u00f6ldi m\u00e9rk\u0151z\u00e9sei \u00e9s hazai felk\u00e9sz\u00fcl\u00e9si m\u00e9rk\u0151z\u00e9sei ellenkez\u0151 d\u00f6nt\u00e9sig elmaradnak. M\u00e1s, v\u00e1logatottakat \u00e9rint\u0151, \u00e1prilisban, illetve azt k\u00f6vet\u0151en sorra ker\u00fcl\u0151 m\u00e9rk\u0151z\u00e9sekr\u0151l \u00e9s esem\u00e9nyekr\u0151l jelenleg nem lehet felel\u0151s d\u00f6nt\u00e9st hozni. Amennyiben b\u00e1rmilyen esem\u00e9ny elhalaszt\u00e1s\u00e1r\u00f3l, elmarad\u00e1s\u00e1r\u00f3l d\u00f6nt\u00e9s sz\u00fcletik \u2013 bele\u00e9rtve p\u00e9ld\u00e1ul a n\u0151i Bajnokok Lig\u00e1ja n\u00e9gyes d\u00f6nt\u0151j\u00e9t \u00e9s a Magyar Kupa-d\u00f6nt\u0151t \u2013 az MKSZ halad\u00e9ktalanul t\u00e1j\u00e9koztatja a k\u00f6zv\u00e9lem\u00e9nyt.<\/p>\n\n\n\n<p>Az MKSZ \u00e9s a megyei k\u00e9zilabda-sz\u00f6vets\u00e9gek \u00e1ltal szervezett \u00e9s fel\u00fcgyelt k\u00e9zilabda-bajnoks\u00e1gok \u00e9s a Magyar Kupa kapcs\u00e1n a Magyar K\u00e9zilabda Sz\u00f6vets\u00e9g d\u00f6nt\u00e9se alapj\u00e1n az U8-as, U9-es, U10-es, U11-es, U12-es \u00e9s U13-as koroszt\u00e1lyban ki\u00edrt Gyermekbajnoks\u00e1g m\u00e9rk\u0151z\u00e9sei ellenkez\u0151 tartalm\u00fa d\u00f6nt\u00e9sig elmaradnak. Az U14-es, U15-\u00f6s, serd\u00fcl\u0151, ifj\u00fas\u00e1gi \u00e9s feln\u0151tt bajnoks\u00e1gok valamennyi bajnoki oszt\u00e1lyban rendezend\u0151 valamennyi m\u00e9rk\u0151z\u00e9s\u00e9t \u00e9s a Magyar Kupa-, valamint a Liga Kupa-tal\u00e1lkoz\u00f3kat z\u00e1rt kapu mellett kell megrendezni. A z\u00e1rt kapus rendez\u00e9s pontos szab\u00e1lyair\u00f3l a Magyar K\u00e9zilabda Sz\u00f6vets\u00e9g a mai napon (2020. m\u00e1rcius 12.) \u00edr\u00e1sban t\u00e1j\u00e9koztatja a sportszervezeteket.<\/p>\n\n\n\n<p>Az elfogadott ut\u00e1np\u00f3tl\u00e1s-torn\u00e1k \u00e9s a Sulik\u00e9zi Fesztiv\u00e1l t\u00f6rl\u00e9sre ker\u00fcl.<\/p>\n\n\n\n<p>Az MKSZ folyamatosan egyeztet az \u00e1llami szervekkel, \u00e9s sz\u00fcks\u00e9g eset\u00e9n az int\u00e9zked\u00e9sek id\u0151beli hat\u00e1ly\u00e1t \u00e9s tartalm\u00e1t a k\u00e9s\u0151bbiekben megv\u00e1ltoztathatja.<\/p>\n\n\n\n<p>A Magyar K\u00e9zilabda Sz\u00f6vets\u00e9g \u00e9s a tulajdon\u00e1ban \u00e1ll\u00f3 v\u00e1llalkoz\u00e1sok (HBMP Kft., EuroHandball 2022 Kft.) irod\u00e1i 2020. m\u00e1rcius 13-\u00e1t\u00f3l z\u00e1rva tartanak, az irod\u00e1kba a bel\u00e9p\u00e9s nem enged\u00e9lyezett, az irodai f\u00e9lfogad\u00e1s sz\u00fcnetel, az irod\u00e1k azonban emaileket fogadnak, elektronikus \u00fcgyint\u00e9z\u00e9st tov\u00e1bbra is v\u00e9geznek, ell\u00e1tj\u00e1k feladataikat. K\u00e9rj\u00fck az \u00e9rintett sportszervezeteket, partnereket, hogy minden \u00fcgyet elektronikus \u00faton int\u00e9zzenek. Az MKSZ appar\u00e1tusa igyekszik megoldani minden, eddig pap\u00edr alapon int\u00e9zett \u00fcgy elektronikus \u00fcgyint\u00e9z\u00e9s\u00e9t. A fegyelmi- \u00e9s fellebbviteli \u00fcgyek elj\u00e1r\u00e1srendje m\u00f3dosulhat, amelyr\u0151l a sz\u00f6vets\u00e9g \u00e9rtes\u00edteni fogja az \u00e9rintetteket.<\/p>\n\n\n\n<p>Az esetleges tov\u00e1bbi v\u00e1ltoz\u00e1sokr\u00f3l, sz\u00fcks\u00e9ges int\u00e9zked\u00e9sekr\u0151l a Magyar K\u00e9zilabda Sz\u00f6vets\u00e9g halad\u00e9ktalanul t\u00e1j\u00e9koztatni fogja a sportszervezeteket, partnereit \u00e9s a k\u00f6zv\u00e9lem\u00e9nyt.<\/p>\n\n\n\n<p>Forr\u00e1s: <a href=\"https:\/\/www.mksz.hu\/v2h\/003\/003\/p_003.asp?p_hir_kod=196&amp;p_hir_kod_ev=2020&amp;p_fo_cim=MKSZ-dontesek%20a%20koronavirussal%20kapcsolatban\">Magyar K\u00e9zilabda Sz\u00f6vets\u00e9g<\/a><\/p>\n","protected":false},"excerpt":{"rendered":"<p>Al\u00e1bb olvashat\u00f3 a Magyar K\u00e9zilabda Sz\u00f6vets\u00e9g hivatalos t\u00e1j\u00e9koztat\u00e1sa a koronav\u00edrussal kapcsolatban. A Magyar K\u00e9zilabda Sz\u00f6vets\u00e9g a koronav\u00edrus miatt kialakult \u00e1llapot \u00e9s a korm\u00e1nyzat \u00e1ltal kihirdetett vesz\u00e9lyhelyzet miatt d\u00f6nt\u00e9seket hozott a soron k\u00f6vetkez\u0151 k\u00e9zilabd\u00e1s versenyekkel kapcsolatban, a vesz\u00e9lyhelyzet \u00e9rv\u00e9nyes\u00edt\u00e9s\u00e9re.\u00a0 Az MKSZ sz\u00e1m\u00e1ra a sport\u00e1ggal kapcsolatos k\u00f6telezetts\u00e9gein \u00e9s elhivatotts\u00e1g\u00e1n t\u00fal kiemelt jelent\u0151s\u00e9g\u0171 a magyar k\u00e9zilabd\u00e1z\u00e1s valamennyi szerepl\u0151j\u00e9nek, &hellip; <\/p>\n<p class=\"link-more\"><a href=\"http:\/\/vmksz.hu\/wpnew\/2020\/03\/12\/hivatalos-mksz-kozlemeny-a-koronavirussal-kapcsolatban\/\" class=\"more-link\"><span class=\"screen-reader-text\">&#8222;Hivatalos MKSZ k\u00f6zlem\u00e9ny a koronav\u00edrussal kapcsolatban&#8221;<\/span> b\u0151vebben<\/a><\/p>\n","protected":false},"author":1,"featured_media":0,"comment_status":"closed","ping_status":"closed","sticky":false,"template":"","format":"standard","meta":{"ngg_post_thumbnail":0,"_monsterinsights_skip_tracking":false,"_monsterinsights_sitenote_active":false,"_monsterinsights_sitenote_note":"","_monsterinsights_sitenote_category":0,"footnotes":""},"categories":[1],"tags":[],"_links":{"self":[{"href":"http:\/\/vmksz.hu\/wpnew\/wp-json\/wp\/v2\/posts\/788"}],"collection":[{"href":"http:\/\/vmksz.hu\/wpnew\/wp-json\/wp\/v2\/posts"}],"about":[{"href":"http:\/\/vmksz.hu\/wpnew\/wp-json\/wp\/v2\/types\/post"}],"author":[{"embeddable":true,"href":"http:\/\/vmksz.hu\/wpnew\/wp-json\/wp\/v2\/users\/1"}],"replies":[{"embeddable":true,"href":"http:\/\/vmksz.hu\/wpnew\/wp-json\/wp\/v2\/comments?post=788"}],"version-history":[{"count":1,"href":"http:\/\/vmksz.hu\/wpnew\/wp-json\/wp\/v2\/posts\/788\/revisions"}],"predecessor-version":[{"id":789,"href":"http:\/\/vmksz.hu\/wpnew\/wp-json\/wp\/v2\/posts\/788\/revisions\/789"}],"wp:attachment":[{"href":"http:\/\/vmksz.hu\/wpnew\/wp-json\/wp\/v2\/media?parent=788"}],"wp:term":[{"taxonomy":"category","embeddable":true,"href":"http:\/\/vmksz.hu\/wpnew\/wp-json\/wp\/v2\/categories?post=788"},{"taxonomy":"post_tag","embeddable":true,"href":"http:\/\/vmksz.hu\/wpnew\/wp-json\/wp\/v2\/tags?post=788"}],"curies":[{"name":"wp","href":"https:\/\/api.w.org\/{rel}","templated":true}]}}