{"id":792,"date":"2020-03-16T07:46:33","date_gmt":"2020-03-16T07:46:33","guid":{"rendered":"http:\/\/vmksz.hu\/wpnew\/?p=792"},"modified":"2020-03-16T08:02:03","modified_gmt":"2020-03-16T08:02:03","slug":"szunetel-az-ugyfelfogadas","status":"publish","type":"post","link":"http:\/\/vmksz.hu\/wpnew\/2020\/03\/16\/szunetel-az-ugyfelfogadas\/","title":{"rendered":"Sz\u00fcnetel az \u00fcgyf\u00e9lfogad\u00e1s"},"content":{"rendered":"\n<p><strong>A Veszpr\u00e9m Megyei K\u00e9zilabda Sz\u00f6vets\u00e9g irod\u00e1ja 2020.03.16-t\u00f3l hat\u00e1rozatlan ideig z\u00e1rva tart! A szem\u00e9lyes \u00fcgyint\u00e9z\u00e9s \u00fajraindul\u00e1s\u00e1r\u00f3l k\u00e9s\u0151bbiek folyam\u00e1n \u00e9rtes\u00edt\u00e9st tesz\u00fcnk k\u00f6zz\u00e9!<\/strong><\/p>\n\n\n\n<div class=\"wp-block-image\"><figure class=\"aligncenter\"><img decoding=\"async\" src=\"https:\/\/lh3.googleusercontent.com\/9_Lxm7jxhdEcDCLruw-pOR4M1llHhAwcuAMVc62DroSg9LsnXZz5dJNdb8w7otgVdyrpq17yPrHTrw-m0pAg8mu6z0KWjKYy52ll9RCbTYvO747aKPADZAZWagN5fymZR2m9GPcSBHpVmOzDgCDV0FPcHnxNbDkIasVFek6bHFbGctUggZjEd8cG3btTR1CgWPF3OEOTTJQT9Q9HrffNL0md_FpEeOuGnrEnRWWkJWR3yoHMtP10_arlKCuzK17RY2OqHjeiohM09zGfg3mPWi1KrIwUNDd1nJkW_CsIzvZ9tnC2otrlWjwiuIth6TKBNBSYUaOfrWEZjJxLo0OeuCrxZNWXeQF_Kx7ByBza-m1ubBx0blVbvJ3S2fj_CQh_ku1D4fxTZfKJfR0sjXcV6O5WBopj71A8ha4E3McfmWZPEnjSn1RqVeA3itg2mLuTDFyqnEgfdcRh8D98LzE_RfP-Upnu8Mcgh3nBASjYLWTm2rFzQayVGzMva8h9NMqSI1AuQdSsgTqgCukAPDvj6gN4eToCGQWWP0h0d5ilXCymx0EM6Pk6QiGqMxymTPeiLEtJCgxkaiSpaq5lE9bVtM7isayyoKL390p4PgBjqub7bYXR4iabBi6pwvj1vmgic00dQCnFVavSU3KwR8mbm48YyKKkpYDt3CHK-Ybfo_1lyCueAaEwj6B57wPN=w500-h366-no\" alt=\"\"\/><\/figure><\/div>\n\n\n\n<p>A megyei bajnoks\u00e1g folytat\u00e1s\u00e1r\u00f3l, a m\u00e1r meghozott, \u00e9s a k\u00e9s\u0151bbiekben meghoz\u00e1sra ker\u00fcl\u0151 MKSZ ir\u00e1nyelvek alapj\u00e1n j\u00e1runk el. A megyei bajnoks\u00e1g tov\u00e1bbra is sz\u00fcnetel, az \u00fajraindul\u00e1sr\u00f3l m\u00e9g nincs inform\u00e1ci\u00f3.<\/p>\n","protected":false},"excerpt":{"rendered":"<p>A Veszpr\u00e9m Megyei K\u00e9zilabda Sz\u00f6vets\u00e9g irod\u00e1ja 2020.03.16-t\u00f3l hat\u00e1rozatlan ideig z\u00e1rva tart! A szem\u00e9lyes \u00fcgyint\u00e9z\u00e9s \u00fajraindul\u00e1s\u00e1r\u00f3l k\u00e9s\u0151bbiek folyam\u00e1n \u00e9rtes\u00edt\u00e9st tesz\u00fcnk k\u00f6zz\u00e9! A megyei bajnoks\u00e1g folytat\u00e1s\u00e1r\u00f3l, a m\u00e1r meghozott, \u00e9s a k\u00e9s\u0151bbiekben meghoz\u00e1sra ker\u00fcl\u0151 MKSZ ir\u00e1nyelvek alapj\u00e1n j\u00e1runk el. A megyei bajnoks\u00e1g tov\u00e1bbra is sz\u00fcnetel, az \u00fajraindul\u00e1sr\u00f3l m\u00e9g nincs inform\u00e1ci\u00f3.<\/p>\n","protected":false},"author":1,"featured_media":0,"comment_status":"closed","ping_status":"closed","sticky":false,"template":"","format":"standard","meta":{"ngg_post_thumbnail":0,"_monsterinsights_skip_tracking":false,"_monsterinsights_sitenote_active":false,"_monsterinsights_sitenote_note":"","_monsterinsights_sitenote_category":0,"footnotes":""},"categories":[1],"tags":[],"_links":{"self":[{"href":"http:\/\/vmksz.hu\/wpnew\/wp-json\/wp\/v2\/posts\/792"}],"collection":[{"href":"http:\/\/vmksz.hu\/wpnew\/wp-json\/wp\/v2\/posts"}],"about":[{"href":"http:\/\/vmksz.hu\/wpnew\/wp-json\/wp\/v2\/types\/post"}],"author":[{"embeddable":true,"href":"http:\/\/vmksz.hu\/wpnew\/wp-json\/wp\/v2\/users\/1"}],"replies":[{"embeddable":true,"href":"http:\/\/vmksz.hu\/wpnew\/wp-json\/wp\/v2\/comments?post=792"}],"version-history":[{"count":2,"href":"http:\/\/vmksz.hu\/wpnew\/wp-json\/wp\/v2\/posts\/792\/revisions"}],"predecessor-version":[{"id":794,"href":"http:\/\/vmksz.hu\/wpnew\/wp-json\/wp\/v2\/posts\/792\/revisions\/794"}],"wp:attachment":[{"href":"http:\/\/vmksz.hu\/wpnew\/wp-json\/wp\/v2\/media?parent=792"}],"wp:term":[{"taxonomy":"category","embeddable":true,"href":"http:\/\/vmksz.hu\/wpnew\/wp-json\/wp\/v2\/categories?post=792"},{"taxonomy":"post_tag","embeddable":true,"href":"http:\/\/vmksz.hu\/wpnew\/wp-json\/wp\/v2\/tags?post=792"}],"curies":[{"name":"wp","href":"https:\/\/api.w.org\/{rel}","templated":true}]}}