{"id":798,"date":"2020-04-09T14:10:10","date_gmt":"2020-04-09T14:10:10","guid":{"rendered":"http:\/\/vmksz.hu\/wpnew\/?p=798"},"modified":"2020-04-09T14:10:13","modified_gmt":"2020-04-09T14:10:13","slug":"befejezettnek-nyilvanitotta-a-szezon-versenyeit-az-mksz","status":"publish","type":"post","link":"http:\/\/vmksz.hu\/wpnew\/2020\/04\/09\/befejezettnek-nyilvanitotta-a-szezon-versenyeit-az-mksz\/","title":{"rendered":"Befejezettnek nyilv\u00e1n\u00edtotta a szezon versenyeit az MKSZ"},"content":{"rendered":"\n<p><strong>A Magyar K\u00e9zilabda Sz\u00f6vets\u00e9g Eln\u00f6ks\u00e9ge a koronav\u00edrus-j\u00e1rv\u00e1ny miatt d\u00f6nt\u00f6tt a 2019\/2020-as id\u00e9ny valamennyi, az MKSZ \u00e9s a megyei k\u00e9zilabda-sz\u00f6vets\u00e9gek \u00e1ltal ki\u00edrt bajnoks\u00e1g \u00e9s kupasorozat sors\u00e1r\u00f3l. A d\u00f6nt\u00e9s \u00e9rtelm\u00e9ben a felf\u00fcggesztett id\u00e9ny kapcs\u00e1n helyez\u00e9seket nem \u00e1llap\u00edtott meg a Sz\u00f6vets\u00e9g.<\/strong><\/p>\n\n\n\n<p>Mindez azt jelenti, hogy sem a bajnoks\u00e1goknak, sem a Magyar Kup\u00e1nak, sem a Liga Kup\u00e1nak nincsenek gy\u0151ztesei \u00e9s helyezettjei a 2019\/2020-as id\u00e9nyben, \u00edgy nincsenek kies\u0151 \u00e9s feljut\u00f3 csapatok sem, az eur\u00f3pai kupaindul\u00e1sra pedig azok a klubok jogosultak, amelyek azt a 2018-19-es bajnoki helyez\u00e9seikkel kiv\u00edvt\u00e1k.<\/p>\n\n\n\n<p>Forr\u00e1s \u00e9s tov\u00e1bbi inform\u00e1ci\u00f3: <a href=\"https:\/\/mksz.hu\/v2h\/003\/003\/p_003.asp?p_hir_kod=234&amp;p_hir_kod_ev=2020&amp;p_fo_cim=Befejezettnek%20nyilvanitotta%20a%20szezon%20versenyeit%20az%20MKSZ\">MKSZ<\/a><\/p>\n","protected":false},"excerpt":{"rendered":"<p>A Magyar K\u00e9zilabda Sz\u00f6vets\u00e9g Eln\u00f6ks\u00e9ge a koronav\u00edrus-j\u00e1rv\u00e1ny miatt d\u00f6nt\u00f6tt a 2019\/2020-as id\u00e9ny valamennyi, az MKSZ \u00e9s a megyei k\u00e9zilabda-sz\u00f6vets\u00e9gek \u00e1ltal ki\u00edrt bajnoks\u00e1g \u00e9s kupasorozat sors\u00e1r\u00f3l. A d\u00f6nt\u00e9s \u00e9rtelm\u00e9ben a felf\u00fcggesztett id\u00e9ny kapcs\u00e1n helyez\u00e9seket nem \u00e1llap\u00edtott meg a Sz\u00f6vets\u00e9g. Mindez azt jelenti, hogy sem a bajnoks\u00e1goknak, sem a Magyar Kup\u00e1nak, sem a Liga Kup\u00e1nak nincsenek gy\u0151ztesei &hellip; <\/p>\n<p class=\"link-more\"><a href=\"http:\/\/vmksz.hu\/wpnew\/2020\/04\/09\/befejezettnek-nyilvanitotta-a-szezon-versenyeit-az-mksz\/\" class=\"more-link\"><span class=\"screen-reader-text\">&#8222;Befejezettnek nyilv\u00e1n\u00edtotta a szezon versenyeit az MKSZ&#8221;<\/span> b\u0151vebben<\/a><\/p>\n","protected":false},"author":1,"featured_media":0,"comment_status":"closed","ping_status":"closed","sticky":false,"template":"","format":"standard","meta":{"ngg_post_thumbnail":0,"_monsterinsights_skip_tracking":false,"_monsterinsights_sitenote_active":false,"_monsterinsights_sitenote_note":"","_monsterinsights_sitenote_category":0,"footnotes":""},"categories":[1],"tags":[],"_links":{"self":[{"href":"http:\/\/vmksz.hu\/wpnew\/wp-json\/wp\/v2\/posts\/798"}],"collection":[{"href":"http:\/\/vmksz.hu\/wpnew\/wp-json\/wp\/v2\/posts"}],"about":[{"href":"http:\/\/vmksz.hu\/wpnew\/wp-json\/wp\/v2\/types\/post"}],"author":[{"embeddable":true,"href":"http:\/\/vmksz.hu\/wpnew\/wp-json\/wp\/v2\/users\/1"}],"replies":[{"embeddable":true,"href":"http:\/\/vmksz.hu\/wpnew\/wp-json\/wp\/v2\/comments?post=798"}],"version-history":[{"count":1,"href":"http:\/\/vmksz.hu\/wpnew\/wp-json\/wp\/v2\/posts\/798\/revisions"}],"predecessor-version":[{"id":799,"href":"http:\/\/vmksz.hu\/wpnew\/wp-json\/wp\/v2\/posts\/798\/revisions\/799"}],"wp:attachment":[{"href":"http:\/\/vmksz.hu\/wpnew\/wp-json\/wp\/v2\/media?parent=798"}],"wp:term":[{"taxonomy":"category","embeddable":true,"href":"http:\/\/vmksz.hu\/wpnew\/wp-json\/wp\/v2\/categories?post=798"},{"taxonomy":"post_tag","embeddable":true,"href":"http:\/\/vmksz.hu\/wpnew\/wp-json\/wp\/v2\/tags?post=798"}],"curies":[{"name":"wp","href":"https:\/\/api.w.org\/{rel}","templated":true}]}}