{"id":802,"date":"2020-04-14T15:19:28","date_gmt":"2020-04-14T15:19:28","guid":{"rendered":"http:\/\/vmksz.hu\/wpnew\/?p=802"},"modified":"2020-04-14T15:19:32","modified_gmt":"2020-04-14T15:19:32","slug":"elhalasztja-kuldottvalaszto-gyuleset-es-2020-evi-rendes-kuldottgyuleset-az-mksz","status":"publish","type":"post","link":"http:\/\/vmksz.hu\/wpnew\/2020\/04\/14\/elhalasztja-kuldottvalaszto-gyuleset-es-2020-evi-rendes-kuldottgyuleset-az-mksz\/","title":{"rendered":"Elhalasztja k\u00fcld\u00f6ttv\u00e1laszt\u00f3 gy\u0171l\u00e9s\u00e9t \u00e9s 2020. \u00e9vi rendes k\u00fcld\u00f6ttgy\u0171l\u00e9s\u00e9t az MKSZ"},"content":{"rendered":"\n<p><strong>\u00c9rtes\u00edtj\u00fck a tisztelt sportszervezeteket \u00e9s minden \u00e9rintettet, az MKSZ partnereit, hogy a Magyar K\u00e9zilabda Sz\u00f6vets\u00e9g az Amat\u0151r Tan\u00e1cs \u00e1ltal szervezend\u0151 k\u00fcld\u00f6ttv\u00e1laszt\u00f3 gy\u0171l\u00e9s\u00e9nek megtart\u00e1s\u00e1t, valamint az MKSZ 2020. \u00e9vi rendes k\u00fcld\u00f6ttgy\u0171l\u00e9s\u00e9nek \u00f6sszeh\u00edv\u00e1s\u00e1t hat\u00e1rozatlan id\u0151re, de legfeljebb a vesz\u00e9lyhelyzet fenn\u00e1ll\u00e1s\u00e1ig elhalasztja.<\/strong><\/p>\n\n\n\n<p>A halaszt\u00e1s oka, hogy az \u00e9let- \u00e9s vagyonbiztons\u00e1got vesz\u00e9lyeztet\u0151 t\u00f6meges megbeteged\u00e9st okoz\u00f3 hum\u00e1nj\u00e1rv\u00e1ny megel\u0151z\u00e9se, illetve k\u00f6vetkezm\u00e9nyeinek elh\u00e1r\u00edt\u00e1sa, a magyar \u00e1llampolg\u00e1rok eg\u00e9szs\u00e9g\u00e9nek \u00e9s \u00e9let\u00e9nek meg\u00f3v\u00e1sa \u00e9rdek\u00e9ben elrendelt vesz\u00e9lyhelyzet sor\u00e1n teend\u0151 int\u00e9zked\u00e9sekr\u0151l (III.) sz\u00f3l\u00f3 46\/2020. (III. 16.) Korm. rendelet 4.\u00a7 (1) bekezd\u00e9se \u00e9rtelm\u00e9ben \u201erendezv\u00e9ny helysz\u00edn\u00e9n a r\u00e9sztvev\u0151k sz\u00e1m\u00e1t\u00f3l \u00e9s a rendezv\u00e9ny helysz\u00edn\u00e9t\u0151l f\u00fcggetlen\u00fcl tilos tart\u00f3zkodni. Gy\u0171l\u00e9s helysz\u00edn\u00e9n tart\u00f3zkod\u00e1s tilos.\u201d<\/p>\n\n\n\n<p>A k\u00fcld\u00f6ttv\u00e1laszt\u00f3 gy\u0171l\u00e9s \u00e9s a k\u00fcld\u00f6ttgy\u0171l\u00e9s pontos id\u0151pontj\u00e1r\u00f3l minden \u00e9rintettet \u00e9rtes\u00edt\u00fcnk a k\u00e9s\u0151bbiekben. Meg\u00e9rt\u00e9s\u00fcket k\u00f6sz\u00f6nj\u00fck. <\/p>\n\n\n\n<p>Forr\u00e1s: <a href=\"https:\/\/mksz.hu\/v2h\/003\/003\/p_003.asp?p_hir_kod=236&amp;p_hir_kod_ev=2020&amp;p_fo_cim=Elhalasztja%20kuldottvalaszto%20gyuleset%20es%202020.%20evi%20rendes%20kuldottgyuleset%20az%20MKSZ\">MKSZ<\/a><\/p>\n","protected":false},"excerpt":{"rendered":"<p>\u00c9rtes\u00edtj\u00fck a tisztelt sportszervezeteket \u00e9s minden \u00e9rintettet, az MKSZ partnereit, hogy a Magyar K\u00e9zilabda Sz\u00f6vets\u00e9g az Amat\u0151r Tan\u00e1cs \u00e1ltal szervezend\u0151 k\u00fcld\u00f6ttv\u00e1laszt\u00f3 gy\u0171l\u00e9s\u00e9nek megtart\u00e1s\u00e1t, valamint az MKSZ 2020. \u00e9vi rendes k\u00fcld\u00f6ttgy\u0171l\u00e9s\u00e9nek \u00f6sszeh\u00edv\u00e1s\u00e1t hat\u00e1rozatlan id\u0151re, de legfeljebb a vesz\u00e9lyhelyzet fenn\u00e1ll\u00e1s\u00e1ig elhalasztja. A halaszt\u00e1s oka, hogy az \u00e9let- \u00e9s vagyonbiztons\u00e1got vesz\u00e9lyeztet\u0151 t\u00f6meges megbeteged\u00e9st okoz\u00f3 hum\u00e1nj\u00e1rv\u00e1ny megel\u0151z\u00e9se, illetve k\u00f6vetkezm\u00e9nyeinek &hellip; <\/p>\n<p class=\"link-more\"><a href=\"http:\/\/vmksz.hu\/wpnew\/2020\/04\/14\/elhalasztja-kuldottvalaszto-gyuleset-es-2020-evi-rendes-kuldottgyuleset-az-mksz\/\" class=\"more-link\"><span class=\"screen-reader-text\">&#8222;Elhalasztja k\u00fcld\u00f6ttv\u00e1laszt\u00f3 gy\u0171l\u00e9s\u00e9t \u00e9s 2020. \u00e9vi rendes k\u00fcld\u00f6ttgy\u0171l\u00e9s\u00e9t az MKSZ&#8221;<\/span> b\u0151vebben<\/a><\/p>\n","protected":false},"author":1,"featured_media":0,"comment_status":"closed","ping_status":"closed","sticky":false,"template":"","format":"standard","meta":{"ngg_post_thumbnail":0,"_monsterinsights_skip_tracking":false,"_monsterinsights_sitenote_active":false,"_monsterinsights_sitenote_note":"","_monsterinsights_sitenote_category":0,"footnotes":""},"categories":[1],"tags":[],"_links":{"self":[{"href":"http:\/\/vmksz.hu\/wpnew\/wp-json\/wp\/v2\/posts\/802"}],"collection":[{"href":"http:\/\/vmksz.hu\/wpnew\/wp-json\/wp\/v2\/posts"}],"about":[{"href":"http:\/\/vmksz.hu\/wpnew\/wp-json\/wp\/v2\/types\/post"}],"author":[{"embeddable":true,"href":"http:\/\/vmksz.hu\/wpnew\/wp-json\/wp\/v2\/users\/1"}],"replies":[{"embeddable":true,"href":"http:\/\/vmksz.hu\/wpnew\/wp-json\/wp\/v2\/comments?post=802"}],"version-history":[{"count":1,"href":"http:\/\/vmksz.hu\/wpnew\/wp-json\/wp\/v2\/posts\/802\/revisions"}],"predecessor-version":[{"id":803,"href":"http:\/\/vmksz.hu\/wpnew\/wp-json\/wp\/v2\/posts\/802\/revisions\/803"}],"wp:attachment":[{"href":"http:\/\/vmksz.hu\/wpnew\/wp-json\/wp\/v2\/media?parent=802"}],"wp:term":[{"taxonomy":"category","embeddable":true,"href":"http:\/\/vmksz.hu\/wpnew\/wp-json\/wp\/v2\/categories?post=802"},{"taxonomy":"post_tag","embeddable":true,"href":"http:\/\/vmksz.hu\/wpnew\/wp-json\/wp\/v2\/tags?post=802"}],"curies":[{"name":"wp","href":"https:\/\/api.w.org\/{rel}","templated":true}]}}