{"id":831,"date":"2020-06-04T11:10:48","date_gmt":"2020-06-04T11:10:48","guid":{"rendered":"http:\/\/vmksz.hu\/wpnew\/?p=831"},"modified":"2020-06-04T11:10:52","modified_gmt":"2020-06-04T11:10:52","slug":"hivatalos-az-nb-i-ben-indulhat-a-veszpremi-kkft","status":"publish","type":"post","link":"http:\/\/vmksz.hu\/wpnew\/2020\/06\/04\/hivatalos-az-nb-i-ben-indulhat-a-veszpremi-kkft\/","title":{"rendered":"Hivatalos: az NB I-ben indulhat a Veszpr\u00e9mi KKFT!"},"content":{"rendered":"\n<p><strong>A Magyar K\u00e9zilabda Sz\u00f6vets\u00e9g a be\u00e9rkezett nevez\u00e9sek alapj\u00e1n v\u00e9gleges\u00edtette a n\u0151i \u00e9s a f\u00e9rfi k\u00e9zilabda NB I 2020\/2021-es bajnoki id\u00e9ny\u00e9nek mez\u0151ny\u00e9t. A k\u00f6vetkez\u0151 id\u00e9nyt\u0151l k\u00e9t els\u0151 oszt\u00e1ly\u00fa csapata lesz Veszpr\u00e9mnek!<\/strong><\/p>\n\n\n\n<p>A Magyar K\u00e9zilabda-sz\u00f6vets\u00e9g (MKSZ) cs\u00fct\u00f6rt\u00f6ki\u00a0<strong><a href=\"https:\/\/www.mksz.hu\/v2h\/013\/003\/p_003.asp?p_hir_kod=286&amp;p_hir_kod_ev=2020&amp;p_fo_cim=A%20K&amp;H%20noi%20es%20ferfi%20liga%202020\/2021-es%20szezonjanak%20resztvevoi\">t\u00e1j\u00e9koztat\u00e1sa<\/a><\/strong>\u00a0szerint az al\u00e1bbi szervezetek\u00a0neveztek a\u00a0f\u00e9rfi k\u00e9zilabda NB I-be:\u00a0Budakal\u00e1sz KZRT, Csurg\u00f3i KK, Dabasi KC VSE, Eger Eszterh\u00e1zy SZSE, FTC KN KFT, F\u00fcredi KSE, Gy\u00f6ngysport KN KFT, Koml\u00f3 SKFT, Mez\u0151k\u00f6vesdi KC, Orosh\u00e1zi FKSE, Pick KZRT, Tatab\u00e1nyai KKFT, Veszpr\u00e9m Handball ZRT, Veszpr\u00e9m KKFT Fels\u0151\u00f6rs.<\/p>\n\n\n\n<figure class=\"wp-block-image\"><img decoding=\"async\" src=\"https:\/\/vehir.hu\/data\/image\/900x4000\/2020\/06\/04\/_mg_5102.jpg\" alt=\"\"\/><\/figure>\n\n\n\n<blockquote class=\"wp-block-quote\"><p>Hogy milyen is val\u00f3j\u00e1ban\u00a0az \u00e9rz\u00e9s,\u00a0amely jelenleg \u00e1tj\u00e1r, azt neh\u00e9z lenne szavakba foglalni. P\u00e1lyafut\u00e1som egyik, ha nem a legboldogabb pillanat\u00e1t \u00e9lem.\u00a0Ezek a gyerekek a klubunk alap\u00edt\u00e1sa \u00f3ta vel\u00fcnk tartottak. \u00c9s nem besz\u00e9lhetek m\u00falt id\u0151ben, hiszen a j\u00f6v\u0151nk is r\u00f3luk fog sz\u00f3lni! Egy\u00fctt \u00e9rt\u00fck el ezt a sikert, egy\u00fctt is megy\u00fcnk tov\u00e1bb! K\u00f6sz\u00f6nj\u00fck a sz\u00f6vets\u00e9gnek, hogy sportszakmai szempontb\u00f3l hozta meg\u00a0a d\u00f6nt\u00e9st:\u00a0nem fogjuk elfelejteni ezt a j\u00f6v\u0151ben! &#8211;  nyilatkozta a\u00a0<strong>vehir.hu<\/strong>-nak\u00a0<strong><em>\u00c9les J\u00f3zsef<\/em><\/strong>\u00a0a hat\u00e1rozat megsz\u00fclet\u00e9s\u00e9t k\u00f6vet\u0151en.<\/p><\/blockquote>\n\n\n\n<p><em>Forr\u00e1s: <\/em><a rel=\"noreferrer noopener\" aria-label=\"vehir.hu (\u00faj f\u00fcl\u00f6n nyitja meg)\" href=\"https:\/\/vehir.hu\/cikk\/55860-hivatalos-az-nb-i-ben-indulhat-a-veszpremi-kkft\" target=\"_blank\"><em>vehir.hu<\/em><\/a><\/p>\n","protected":false},"excerpt":{"rendered":"<p>A Magyar K\u00e9zilabda Sz\u00f6vets\u00e9g a be\u00e9rkezett nevez\u00e9sek alapj\u00e1n v\u00e9gleges\u00edtette a n\u0151i \u00e9s a f\u00e9rfi k\u00e9zilabda NB I 2020\/2021-es bajnoki id\u00e9ny\u00e9nek mez\u0151ny\u00e9t. A k\u00f6vetkez\u0151 id\u00e9nyt\u0151l k\u00e9t els\u0151 oszt\u00e1ly\u00fa csapata lesz Veszpr\u00e9mnek! A Magyar K\u00e9zilabda-sz\u00f6vets\u00e9g (MKSZ) cs\u00fct\u00f6rt\u00f6ki\u00a0t\u00e1j\u00e9koztat\u00e1sa\u00a0szerint az al\u00e1bbi szervezetek\u00a0neveztek a\u00a0f\u00e9rfi k\u00e9zilabda NB I-be:\u00a0Budakal\u00e1sz KZRT, Csurg\u00f3i KK, Dabasi KC VSE, Eger Eszterh\u00e1zy SZSE, FTC KN KFT, F\u00fcredi &hellip; <\/p>\n<p class=\"link-more\"><a href=\"http:\/\/vmksz.hu\/wpnew\/2020\/06\/04\/hivatalos-az-nb-i-ben-indulhat-a-veszpremi-kkft\/\" class=\"more-link\"><span class=\"screen-reader-text\">&#8222;Hivatalos: az NB I-ben indulhat a Veszpr\u00e9mi KKFT!&#8221;<\/span> b\u0151vebben<\/a><\/p>\n","protected":false},"author":1,"featured_media":0,"comment_status":"closed","ping_status":"closed","sticky":false,"template":"","format":"standard","meta":{"ngg_post_thumbnail":0,"_monsterinsights_skip_tracking":false,"_monsterinsights_sitenote_active":false,"_monsterinsights_sitenote_note":"","_monsterinsights_sitenote_category":0,"footnotes":""},"categories":[1],"tags":[],"_links":{"self":[{"href":"http:\/\/vmksz.hu\/wpnew\/wp-json\/wp\/v2\/posts\/831"}],"collection":[{"href":"http:\/\/vmksz.hu\/wpnew\/wp-json\/wp\/v2\/posts"}],"about":[{"href":"http:\/\/vmksz.hu\/wpnew\/wp-json\/wp\/v2\/types\/post"}],"author":[{"embeddable":true,"href":"http:\/\/vmksz.hu\/wpnew\/wp-json\/wp\/v2\/users\/1"}],"replies":[{"embeddable":true,"href":"http:\/\/vmksz.hu\/wpnew\/wp-json\/wp\/v2\/comments?post=831"}],"version-history":[{"count":1,"href":"http:\/\/vmksz.hu\/wpnew\/wp-json\/wp\/v2\/posts\/831\/revisions"}],"predecessor-version":[{"id":832,"href":"http:\/\/vmksz.hu\/wpnew\/wp-json\/wp\/v2\/posts\/831\/revisions\/832"}],"wp:attachment":[{"href":"http:\/\/vmksz.hu\/wpnew\/wp-json\/wp\/v2\/media?parent=831"}],"wp:term":[{"taxonomy":"category","embeddable":true,"href":"http:\/\/vmksz.hu\/wpnew\/wp-json\/wp\/v2\/categories?post=831"},{"taxonomy":"post_tag","embeddable":true,"href":"http:\/\/vmksz.hu\/wpnew\/wp-json\/wp\/v2\/tags?post=831"}],"curies":[{"name":"wp","href":"https:\/\/api.w.org\/{rel}","templated":true}]}}