{"id":833,"date":"2020-06-04T19:07:52","date_gmt":"2020-06-04T19:07:52","guid":{"rendered":"http:\/\/vmksz.hu\/wpnew\/?p=833"},"modified":"2020-06-04T19:07:55","modified_gmt":"2020-06-04T19:07:55","slug":"gyermekbajnoki-kisiskolas-es-sulikezi-fesztival-kiirasai","status":"publish","type":"post","link":"http:\/\/vmksz.hu\/wpnew\/2020\/06\/04\/gyermekbajnoki-kisiskolas-es-sulikezi-fesztival-kiirasai\/","title":{"rendered":"Gyermekbajnoki, kisiskol\u00e1s \u00e9s Sulik\u00e9zi Fesztiv\u00e1l ki\u00edr\u00e1sai"},"content":{"rendered":"\n<p>A dokumentumokat az MKSZ oldal\u00e1n a kapcsol\u00f3d\u00f3 h\u00edrekhez el\u00e9rhet\u0151 dokumentumokb\u00f3l, illetve a megfelel\u0151 Versenyek >> Ut\u00e1np\u00f3l\u00e1s men\u00fcpontb\u00f3l lehet el\u00e9rni. <\/p>\n\n\n\n<p><a href=\"https:\/\/www.mksz.hu\/v2h\/002\/003\/p_003.asp?p_hir_kod=288&amp;p_hir_kod_ev=2020&amp;fbclid=IwAR0AzMgyY4XVC7YPb3atl_pXg9-8crSAe7vzUbzWG7Q-ZyK01QYWN4o2F2E\" target=\"_blank\" rel=\"noreferrer noopener\" aria-label=\"Gyermekbajnoks\u00e1g  (\u00faj f\u00fcl\u00f6n nyitja meg)\">Gyermekbajnoks\u00e1g <\/a><\/p>\n\n\n\n<p><a href=\"https:\/\/www.mksz.hu\/v2h\/015\/003\/p_003.asp?p_hir_kod=287&amp;p_hir_kod_ev=2020&amp;fbclid=IwAR2-VMh4wnaLj_oLzct9TN8eo8_w0g_zJWd0eBaREzsH6nls2Xxiqgc4BLM\" target=\"_blank\" rel=\"noreferrer noopener\" aria-label=\"Kisiskol\u00e1s versenyek  (\u00faj f\u00fcl\u00f6n nyitja meg)\">Kisiskol\u00e1s versenyek <\/a><\/p>\n\n\n\n<p><a href=\"https:\/\/www.mksz.hu\/v2h\/017\/003\/p_003.asp?p_hir_kod=289&amp;p_hir_kod_ev=2020&amp;fbclid=IwAR0_3KMPEyqIYIR7nhwfZbT9-6G1WBOXoK78NAvQbR9pP5xVgXv1Z4g2TAg\" target=\"_blank\" rel=\"noreferrer noopener\" aria-label=\"Sulik\u00e9zi Fesztiv\u00e1l  (\u00faj f\u00fcl\u00f6n nyitja meg)\">Sulik\u00e9zi Fesztiv\u00e1l <\/a><\/p>\n","protected":false},"excerpt":{"rendered":"<p>A dokumentumokat az MKSZ oldal\u00e1n a kapcsol\u00f3d\u00f3 h\u00edrekhez el\u00e9rhet\u0151 dokumentumokb\u00f3l, illetve a megfelel\u0151 Versenyek >> Ut\u00e1np\u00f3l\u00e1s men\u00fcpontb\u00f3l lehet el\u00e9rni. Gyermekbajnoks\u00e1g Kisiskol\u00e1s versenyek Sulik\u00e9zi Fesztiv\u00e1l<\/p>\n","protected":false},"author":1,"featured_media":0,"comment_status":"closed","ping_status":"closed","sticky":false,"template":"","format":"standard","meta":{"ngg_post_thumbnail":0,"_monsterinsights_skip_tracking":false,"_monsterinsights_sitenote_active":false,"_monsterinsights_sitenote_note":"","_monsterinsights_sitenote_category":0,"footnotes":""},"categories":[1],"tags":[],"_links":{"self":[{"href":"http:\/\/vmksz.hu\/wpnew\/wp-json\/wp\/v2\/posts\/833"}],"collection":[{"href":"http:\/\/vmksz.hu\/wpnew\/wp-json\/wp\/v2\/posts"}],"about":[{"href":"http:\/\/vmksz.hu\/wpnew\/wp-json\/wp\/v2\/types\/post"}],"author":[{"embeddable":true,"href":"http:\/\/vmksz.hu\/wpnew\/wp-json\/wp\/v2\/users\/1"}],"replies":[{"embeddable":true,"href":"http:\/\/vmksz.hu\/wpnew\/wp-json\/wp\/v2\/comments?post=833"}],"version-history":[{"count":1,"href":"http:\/\/vmksz.hu\/wpnew\/wp-json\/wp\/v2\/posts\/833\/revisions"}],"predecessor-version":[{"id":834,"href":"http:\/\/vmksz.hu\/wpnew\/wp-json\/wp\/v2\/posts\/833\/revisions\/834"}],"wp:attachment":[{"href":"http:\/\/vmksz.hu\/wpnew\/wp-json\/wp\/v2\/media?parent=833"}],"wp:term":[{"taxonomy":"category","embeddable":true,"href":"http:\/\/vmksz.hu\/wpnew\/wp-json\/wp\/v2\/categories?post=833"},{"taxonomy":"post_tag","embeddable":true,"href":"http:\/\/vmksz.hu\/wpnew\/wp-json\/wp\/v2\/tags?post=833"}],"curies":[{"name":"wp","href":"https:\/\/api.w.org\/{rel}","templated":true}]}}