{"id":841,"date":"2020-06-29T13:48:20","date_gmt":"2020-06-29T13:48:20","guid":{"rendered":"http:\/\/vmksz.hu\/wpnew\/?p=841"},"modified":"2020-07-21T18:23:38","modified_gmt":"2020-07-21T18:23:38","slug":"hatranyos-helyzetu-gyermekeket-taboroztat-a-vmksz","status":"publish","type":"post","link":"http:\/\/vmksz.hu\/wpnew\/2020\/06\/29\/hatranyos-helyzetu-gyermekeket-taboroztat-a-vmksz\/","title":{"rendered":"H\u00e1tr\u00e1nyos helyzet\u0171 gyermekeket t\u00e1boroztat a VMKSZ"},"content":{"rendered":"\n<p><strong>A megyei k\u00e9zilabda sz\u00f6vets\u00e9g h\u00e1rom turnusban k\u00f6zel \u00f6tven Veszpr\u00e9m megyei gyereket juttat el a Balatonhoz j\u00faliusban.<\/strong><\/p>\n\n\n\n<p>A Veszpr\u00e9m Megyei K\u00e9zilabda Sz\u00f6vets\u00e9g (VMKSZ)&nbsp;az ar\u00e9n\u00e1ban tartott h\u00e9tf\u0151n k\u00f6sz\u00f6netnyilv\u00e1n\u00edt\u00f3 sajt\u00f3esem\u00e9nyt, amelynek keret\u00e9ben&nbsp;a vezet\u0151k a j\u00faliusban esed\u00e9kes&nbsp;j\u00f3t\u00e9konys\u00e1gi t\u00e1borok h\u00e1tter\u00e9r\u0151l is t\u00e1j\u00e9koztatt\u00e1k a m\u00e9dia k\u00e9pvisel\u0151it.<\/p>\n\n\n\n<p>Az esem\u00e9nyen a&nbsp;t\u00e1mogat\u00f3 klubok k\u00e9pvisel\u0151i&nbsp;\u00e9s a szponzorok mellett&nbsp;jelen volt a Magyar K\u00e9zilabda Sz\u00f6vets\u00e9g (MKSZ)&nbsp;operat\u00edv igazgat\u00f3-helyettese,&nbsp;<strong><em>Pitz Andr\u00e1s<\/em><\/strong>, valamint v\u00e1rosunk \u00f6nkorm\u00e1nyzati k\u00e9pvisel\u0151je,&nbsp;<strong><em>S\u00f3tonyi M\u00f3nika<\/em><\/strong>&nbsp;(Fidesz-KDNP) is.<\/p>\n\n\n\n<figure class=\"wp-block-image\"><img decoding=\"async\" src=\"https:\/\/vehir.hu\/data\/image\/900x4000\/2020\/06\/29\/dsc06520-v-k_1.jpg\" alt=\"\"\/><\/figure>\n\n\n\n<p>&#8222;B\u00fcszk\u00e9k vagyunk r\u00e1, hogy a&nbsp;megyei sz\u00f6vets\u00e9g munk\u00e1ss\u00e1g\u00e1nak k\u00f6sz\u00f6nhet\u0151en olyan gyermekek r\u00e9szes\u00fclnek a k\u00f6zelj\u00f6v\u0151ben t\u00e1boroztat\u00e1sra, akiknek val\u00f3ban nagy sz\u00fcks\u00e9g\u00fck van r\u00e1. Olyan gyerekek, akik k\u00f6zel \u00e9lnek a Balatonhoz, de m\u00e9gsem biztos, hogy j\u00e1rtak m\u00e1r ott&#8221; &#8211;  \u2013 mutatott r\u00e1 az MKSZ&nbsp;operat\u00edv igazgat\u00f3-helyettese a t\u00e1bor fontoss\u00e1g\u00e1ra.&nbsp;<strong><em>Dr. So\u00f3s K\u00e1lm\u00e1n<\/em><\/strong>&nbsp;megyei eln\u00f6kt\u0151l megtudhattuk: <\/p>\n\n\n\n<p>&#8221; <strong>a VMKSZ j\u00faliusban h\u00e1rom turnusban k\u00f6zel \u00f6tven&nbsp;gyereket t\u00e1boroztat&nbsp;a megy\u00e9b\u0151l.<\/strong>&#8222;<\/p>\n\n\n\n<p>Az els\u0151 h\u00e9ten a veszpr\u00e9mi&nbsp;<em>Egyed\u00fcl\u00e1ll\u00f3 Sz\u00fcl\u0151k Klubj\u00e1nak<\/em>&nbsp;12-15 \u00e9ves gyermekeinek szerveznek programokat, m\u00edg ezt k\u00f6vet\u0151en v\u00e1rpalotai&nbsp;valamint hajm\u00e1sk\u00e9ri h\u00e1tr\u00e1nyos helyzet\u0171 iskol\u00e1soknak, \u00f3vod\u00e1soknak&nbsp;is szebb\u00e9 var\u00e1zsolj\u00e1k majd a h\u00e9tk\u00f6znapjait. <\/p>\n\n\n\n<figure class=\"wp-block-image\"><img decoding=\"async\" src=\"https:\/\/vehir.hu\/data\/image\/900x4000\/2020\/06\/29\/dsc06555-v-k.jpg\" alt=\"\"\/><\/figure>\n\n\n\n<p>K\u00e9sz\u00fclnek mindezt \u00fagy tenni, hogy a t\u00e1borok magukban foglalnak majd napi h\u00e1rom \u00e9tkez\u00e9st, illetve rendszeres k\u00e9zilabda-oktat\u00e1st teremben, illetve&nbsp;strandk\u00f6rnyezetben is. Az&nbsp;\u00f6sszefog\u00e1st bizony\u00edtja, hogy edz\u0151k nemcsak Veszpr\u00e9mb\u0151l, hanem Ajk\u00e1r\u00f3l, Balatonf\u00fcredr\u0151l, de m\u00e9g Sz\u00e9kesfeh\u00e9rv\u00e1rr\u00f3l \u00e9s Szombathelyr\u0151l is \u00e9rkeznek majd \u00f6nk\u00e9ntesen. <\/p>\n\n\n\n<p><strong>K\u00f6zt\u00fck szerepel a Telekom Veszpr\u00e9m vezet\u0151edz\u0151je, David Davis<\/strong><em>&nbsp;\u00e9s az&nbsp;<\/em><strong>\u00c9rd n\u0151i csapat\u00e1nak kor\u00e1bbi vezet\u0151edz\u0151je, Szab\u00f3 Edina<\/strong><em>&nbsp;is.<\/em><\/p>\n\n\n\n<p>&#8222;A gyermekeink l\u00e9tez\u00e9se mellett ann\u00e1l nagyobb boldogs\u00e1g nincs, mint ha egy felejthetetlen \u00e9lm\u00e9ny ut\u00e1n az \u00f6r\u00f6m\u00f6t is l\u00e1thatjuk felcsillanni a szemeikben. Veszpr\u00e9m v\u00e1rosa, valamint j\u00f3magam is b\u00fcszk\u00e9n \u00e1llunk&nbsp;a j\u00f3t\u00e9konys\u00e1gi t\u00e1bor mell\u00e9, hogy az egyed\u00fcl\u00e1ll\u00f3 sz\u00fcl\u0151kre nehezed\u0151 nyom\u00e1st ezzel is cs\u00f6kkenthess\u00fck. A Veszpr\u00e9m Megyei K\u00e9zilabda Sz\u00f6vets\u00e9g a szakmai tud\u00e1s mellett a sport szeretet\u00e9t is \u00e1tadja majd a gyermekeknek!&#8221; \u2013 fogalmazott&nbsp;<strong><em>S\u00f3tonyi M\u00f3nika<\/em><\/strong>, aki maga is \u00e1tv\u00e1llalta egy gyermek t\u00e1boroztat\u00e1si k\u00f6lts\u00e9geit.&nbsp; <\/p>\n\n\n\n<figure class=\"wp-block-image\"><img decoding=\"async\" src=\"https:\/\/vehir.hu\/data\/image\/900x4000\/2020\/06\/29\/dsc06579-v-k.jpg\" alt=\"\"\/><\/figure>\n\n\n\n<p>Az irodavezet\u0151&nbsp;<strong><em>\u00d6csi Tam\u00e1s<\/em><\/strong>&nbsp;elmondta: az als\u00f3\u00f6rsi \u00f6nkorm\u00e1nyzat j\u00f3volt\u00e1b\u00f3l a gyerekek rendszeresen strandolhatnak majd, m\u00edg a&nbsp;<em>Sobri J\u00f3ska Kalandpark<\/em>&nbsp;felaj\u00e1nl\u00e1s\u00e1b\u00f3l Kisl\u0151dre is minden h\u00e9ten ell\u00e1togathatnak. A belt\u00e9ri edz\u00e9sek megtart\u00e1s\u00e1ra&nbsp;pedig&nbsp;a Wartha Vince utcai csarnokban biztos\u00edt lehet\u0151s\u00e9get v\u00e1rosunk vezet\u00e9se.<\/p>\n\n\n\n<p>K\u00fcl\u00f6n felaj\u00e1nl\u00e1st tett az esem\u00e9nyen&nbsp;a veszpr\u00e9mi<em>&nbsp;Fitt B\u00fcf\u00e9 \u00e9s K\u00e1v\u00e9z\u00f3<\/em>, valamint a helyi&nbsp;<em>Mert Seg\u00edteni J\u00f3 Alap\u00edtv\u00e1ny.&nbsp;<\/em>El\u0151bbi \u00f6tvenezer forinttal, ut\u00f3bbi a dupl\u00e1j\u00e1val j\u00e1rult hozz\u00e1 ahhoz, hogy a h\u00e1tr\u00e1nyos helyzet\u0171 gyermekek felejthetetlen \u00e9lm\u00e9nyekkel gazdagodhassanak&nbsp;ny\u00e1ron.<\/p>\n\n\n\n<iframe loading=\"lazy\" title=\"H\u00edrad\u00e1s \u2013 2020. 06. 29.\" width=\"500\" height=\"281\" src=\"https:\/\/www.youtube.com\/embed\/rWlimchxMEs?start=669&amp;feature=oembed&amp;autoplay=0\" frameborder=\"0\" allow=\"accelerometer; autoplay; encrypted-media; gyroscope; picture-in-picture\" allowfullscreen=\"\" style=\"height: 303.48px;\"><\/iframe>\n\n\n\n<p><em>Forr\u00e1s: <a href=\"https:\/\/vehir.hu\/cikk\/56117-hatranyos-helyzetu-gyermekeket-taboroztat-a-vmksz\" target=\"_blank\" rel=\"noreferrer noopener\" aria-label=\" (\u00faj f\u00fcl\u00f6n nyitja meg)\">vehir.hu<\/a><\/em>, <a href=\"https:\/\/www.veszpremtv.hu\/tv-musor\/kezilabdazok-a-gyerekekert\/\"><em>Veszpr\u00e9m TV<\/em><\/a><\/p>\n","protected":false},"excerpt":{"rendered":"<p>A megyei k\u00e9zilabda sz\u00f6vets\u00e9g h\u00e1rom turnusban k\u00f6zel \u00f6tven Veszpr\u00e9m megyei gyereket juttat el a Balatonhoz j\u00faliusban. A Veszpr\u00e9m Megyei K\u00e9zilabda Sz\u00f6vets\u00e9g (VMKSZ)&nbsp;az ar\u00e9n\u00e1ban tartott h\u00e9tf\u0151n k\u00f6sz\u00f6netnyilv\u00e1n\u00edt\u00f3 sajt\u00f3esem\u00e9nyt, amelynek keret\u00e9ben&nbsp;a vezet\u0151k a j\u00faliusban esed\u00e9kes&nbsp;j\u00f3t\u00e9konys\u00e1gi t\u00e1borok h\u00e1tter\u00e9r\u0151l is t\u00e1j\u00e9koztatt\u00e1k a m\u00e9dia k\u00e9pvisel\u0151it. Az esem\u00e9nyen a&nbsp;t\u00e1mogat\u00f3 klubok k\u00e9pvisel\u0151i&nbsp;\u00e9s a szponzorok mellett&nbsp;jelen volt a Magyar K\u00e9zilabda Sz\u00f6vets\u00e9g (MKSZ)&nbsp;operat\u00edv igazgat\u00f3-helyettese,&nbsp;Pitz &hellip; <\/p>\n<p class=\"link-more\"><a href=\"http:\/\/vmksz.hu\/wpnew\/2020\/06\/29\/hatranyos-helyzetu-gyermekeket-taboroztat-a-vmksz\/\" class=\"more-link\"><span class=\"screen-reader-text\">&#8222;H\u00e1tr\u00e1nyos helyzet\u0171 gyermekeket t\u00e1boroztat a VMKSZ&#8221;<\/span> b\u0151vebben<\/a><\/p>\n","protected":false},"author":1,"featured_media":0,"comment_status":"closed","ping_status":"closed","sticky":false,"template":"","format":"standard","meta":{"ngg_post_thumbnail":0,"_monsterinsights_skip_tracking":false,"_monsterinsights_sitenote_active":false,"_monsterinsights_sitenote_note":"","_monsterinsights_sitenote_category":0,"footnotes":""},"categories":[1],"tags":[],"_links":{"self":[{"href":"http:\/\/vmksz.hu\/wpnew\/wp-json\/wp\/v2\/posts\/841"}],"collection":[{"href":"http:\/\/vmksz.hu\/wpnew\/wp-json\/wp\/v2\/posts"}],"about":[{"href":"http:\/\/vmksz.hu\/wpnew\/wp-json\/wp\/v2\/types\/post"}],"author":[{"embeddable":true,"href":"http:\/\/vmksz.hu\/wpnew\/wp-json\/wp\/v2\/users\/1"}],"replies":[{"embeddable":true,"href":"http:\/\/vmksz.hu\/wpnew\/wp-json\/wp\/v2\/comments?post=841"}],"version-history":[{"count":4,"href":"http:\/\/vmksz.hu\/wpnew\/wp-json\/wp\/v2\/posts\/841\/revisions"}],"predecessor-version":[{"id":885,"href":"http:\/\/vmksz.hu\/wpnew\/wp-json\/wp\/v2\/posts\/841\/revisions\/885"}],"wp:attachment":[{"href":"http:\/\/vmksz.hu\/wpnew\/wp-json\/wp\/v2\/media?parent=841"}],"wp:term":[{"taxonomy":"category","embeddable":true,"href":"http:\/\/vmksz.hu\/wpnew\/wp-json\/wp\/v2\/categories?post=841"},{"taxonomy":"post_tag","embeddable":true,"href":"http:\/\/vmksz.hu\/wpnew\/wp-json\/wp\/v2\/tags?post=841"}],"curies":[{"name":"wp","href":"https:\/\/api.w.org\/{rel}","templated":true}]}}