{"id":872,"date":"2020-07-15T08:05:21","date_gmt":"2020-07-15T08:05:21","guid":{"rendered":"http:\/\/vmksz.hu\/wpnew\/?p=872"},"modified":"2020-07-15T08:05:27","modified_gmt":"2020-07-15T08:05:27","slug":"mksz-ajanlas-edzomerkozesek-es-felkeszulesi-tornak-rendezesere","status":"publish","type":"post","link":"http:\/\/vmksz.hu\/wpnew\/2020\/07\/15\/mksz-ajanlas-edzomerkozesek-es-felkeszulesi-tornak-rendezesere\/","title":{"rendered":"MKSZ-aj\u00e1nl\u00e1s edz\u0151m\u00e9rk\u0151z\u00e9sek \u00e9s felk\u00e9sz\u00fcl\u00e9si torn\u00e1k rendez\u00e9s\u00e9re"},"content":{"rendered":"\n<p><strong>A Magyar K\u00e9zilabda Sz\u00f6vets\u00e9g a koronav\u00edrus-helyzet, valamint a Korm\u00e1ny a j\u00e1rv\u00e1ny\u00fcgyi k\u00e9sz\u00fclts\u00e9gi id\u0151szak utaz\u00e1si korl\u00e1toz\u00e1sair\u00f3l sz\u00f3l\u00f3 341\/2020. (VII. 12.) rendelete nyom\u00e1n aj\u00e1nl\u00e1st adott ki a sportszervezetek sz\u00e1m\u00e1ra a 2020\/2021-es bajnoki id\u00e9nyt megel\u0151z\u0151 felk\u00e9sz\u00fcl\u00e9si id\u0151szak edz\u00e9seivel \u00e9s m\u00e9rk\u0151z\u00e9s-rendez\u00e9sivel kapcsolatban.\u00a0<\/strong><\/p>\n\n\n\n<p>\n\n1. A csapatok lehet\u0151s\u00e9g szerint ne utazzanak k\u00fclf\u00f6ldre edz\u0151m\u00e9rk\u0151z\u00e9sre, felk\u00e9sz\u00fcl\u00e9si torn\u00e1ra \u00e9s ne k\u00f6ssenek le magyarorsz\u00e1gi m\u00e9rk\u0151z\u00e9seket k\u00fclf\u00f6ldi csapatok ellen, m\u00e9g azon orsz\u00e1gok csapataival sem, amelyek a korm\u00e1nyrendelet szerint z\u00f6ld sz\u00edn\u0171 besorol\u00e1st kaptak.<br>2. Amennyiben a fentiek kiker\u00fclhetetlenek, a korm\u00e1nyrendelet (let\u00f6lthet\u0151 a csatolt mell\u00e9kletb\u0151l) szerinti piros \u00e9s s\u00e1rga besorol\u00e1s\u00fa orsz\u00e1gok csapatainak tagjait a Magyarorsz\u00e1gra val\u00f3 bel\u00e9p\u00e9skor ellen\u0151rzik, sz\u00fcks\u00e9g eset\u00e9n karant\u00e9n-id\u0151szakot \u00edrnak el\u0151. A z\u00f6ld besorol\u00e1s\u00fa orsz\u00e1gokb\u00f3l \u00e9rkez\u0151 csapatok eset\u00e9ben a csapatok j\u00e1t\u00e9kosai \u00e9s hivatalos k\u00eds\u00e9r\u0151i eset\u00e9ben lehet\u0151s\u00e9g szerint k\u00e9sz\u00fclj\u00f6n a beutaz\u00e1st megel\u0151z\u0151en legfeljebb 5 nappal kor\u00e1bban PCR-teszt, amelyet a megh\u00edv\u00f3 f\u00e9l (sportszervezet vagy a felk\u00e9sz\u00fcl\u00e9si torna\/m\u00e9rk\u0151z\u00e9s szervez\u0151je) k\u00e9r a beutaz\u00f3 csapatt\u00f3l. Negat\u00edv teszt eredm\u00e9ny felmutat\u00e1sa eset\u00e9n lehet csak r\u00e9szt venni a m\u00e9rk\u0151z\u00e9seken.<br>3. A magyarorsz\u00e1gi j\u00e1t\u00e9kosok eset\u00e9ben a SARS-CoV-2PCR \u00e9s IgG kombin\u00e1lt vizsg\u00e1lat (garat-t\u00f6rlet mintav\u00e9tel \u00e9s v\u00e9rv\u00e9tel egy\u00fctt) elk\u00e9sz\u00edt\u00e9se azok eset\u00e9ben aj\u00e1nlott, akik a m\u00e9rk\u0151z\u00e9s\/torna megrendez\u00e9s\u00e9t megel\u0151z\u0151en k\u00fclf\u00f6ld\u00f6n j\u00e1rtak.<br>4. A sportszervezetek eg\u00e9szs\u00e9g\u00fcgyi szem\u00e9lyzete (orvos, massz\u0151r, fizioterapeuta, rehabilit\u00e1ci\u00f3s szakember stb.) fokozottan \u00fcgyeljen az eg\u00e9szs\u00e9g\u00fcgyi szab\u00e1lyok betart\u00e1s\u00e1ra.<br>5. Ha egy csapat b\u00e1rmely tagja pozit\u00edv tesztet produk\u00e1l, az eg\u00e9sz csapat sz\u00e1m\u00e1ra a v\u00edrus kezel\u00e9s\u00e9re vonatkoz\u00f3 eg\u00e9szs\u00e9g\u00fcgyi protokoll betart\u00e1sa k\u00f6telez\u0151.<br>6. Ha egy csapatban el\u0151fordul pozit\u00edv eset, a csapat a pozitivit\u00e1s kimutat\u00e1s\u00e1t\u00f3l kezdve k\u00e9t h\u00e9tig ne j\u00e1tsszon m\u00e9rk\u0151z\u00e9st.<br>7. Pozit\u00edv eset vagy esetek eset\u00e9n az \u00e9rintett j\u00e1t\u00e9kosok edz\u00e9sbe val\u00f3 visszat\u00e9r\u00e9se kapcs\u00e1n fokozott \u00f3vatoss\u00e1g javasolt, betartva minden orvosi el\u0151\u00edr\u00e1st \u00e9s aj\u00e1nl\u00e1st, f\u0151k\u00e9nt az edz\u00e9sek jelleg\u00e9vel \u00e9s az edz\u00e9sterhel\u00e9ssel kapcsolatban.<\/p>\n\n\n\n<p>A folyamatos tesztel\u00e9ssekkel, jelent\u00e9si k\u00f6telezetts\u00e9gekkel kapcsolatban az MKSZ a k\u00f6zelj\u00f6v\u0151ben r\u00e9szletes aj\u00e1nl\u00e1st \u00e9s szab\u00e1lyzatot tesz k\u00f6zz\u00e9 a csapatok biztons\u00e1gos felk\u00e9sz\u00fcl\u00e9s\u00e9nek el\u0151seg\u00edt\u00e9s\u00e9re, \u00f6sszhangban a hat\u00e1lyos jogszab\u00e1lyokkal. <\/p>\n\n\n\n<p><em>Forr\u00e1s: <\/em><a rel=\"noreferrer noopener\" aria-label=\" (\u00faj f\u00fcl\u00f6n nyitja meg)\" href=\"https:\/\/mksz.hu\/v2h\/003\/003\/p_003.asp?p_hir_kod=356&amp;p_hir_kod_ev=2020&amp;p_fo_cim=MKSZ-ajanlas%20edzomerkozesek%20es%20felkeszulesi%20tornak%20rendezesere\" target=\"_blank\"><em>MKSZ<\/em><\/a><\/p>\n","protected":false},"excerpt":{"rendered":"<p>A Magyar K\u00e9zilabda Sz\u00f6vets\u00e9g a koronav\u00edrus-helyzet, valamint a Korm\u00e1ny a j\u00e1rv\u00e1ny\u00fcgyi k\u00e9sz\u00fclts\u00e9gi id\u0151szak utaz\u00e1si korl\u00e1toz\u00e1sair\u00f3l sz\u00f3l\u00f3 341\/2020. (VII. 12.) rendelete nyom\u00e1n aj\u00e1nl\u00e1st adott ki a sportszervezetek sz\u00e1m\u00e1ra a 2020\/2021-es bajnoki id\u00e9nyt megel\u0151z\u0151 felk\u00e9sz\u00fcl\u00e9si id\u0151szak edz\u00e9seivel \u00e9s m\u00e9rk\u0151z\u00e9s-rendez\u00e9sivel kapcsolatban.\u00a0 1. A csapatok lehet\u0151s\u00e9g szerint ne utazzanak k\u00fclf\u00f6ldre edz\u0151m\u00e9rk\u0151z\u00e9sre, felk\u00e9sz\u00fcl\u00e9si torn\u00e1ra \u00e9s ne k\u00f6ssenek le magyarorsz\u00e1gi m\u00e9rk\u0151z\u00e9seket &hellip; <\/p>\n<p class=\"link-more\"><a href=\"http:\/\/vmksz.hu\/wpnew\/2020\/07\/15\/mksz-ajanlas-edzomerkozesek-es-felkeszulesi-tornak-rendezesere\/\" class=\"more-link\"><span class=\"screen-reader-text\">&#8222;MKSZ-aj\u00e1nl\u00e1s edz\u0151m\u00e9rk\u0151z\u00e9sek \u00e9s felk\u00e9sz\u00fcl\u00e9si torn\u00e1k rendez\u00e9s\u00e9re&#8221;<\/span> b\u0151vebben<\/a><\/p>\n","protected":false},"author":1,"featured_media":0,"comment_status":"closed","ping_status":"closed","sticky":false,"template":"","format":"standard","meta":{"ngg_post_thumbnail":0,"_monsterinsights_skip_tracking":false,"_monsterinsights_sitenote_active":false,"_monsterinsights_sitenote_note":"","_monsterinsights_sitenote_category":0,"footnotes":""},"categories":[1],"tags":[],"_links":{"self":[{"href":"http:\/\/vmksz.hu\/wpnew\/wp-json\/wp\/v2\/posts\/872"}],"collection":[{"href":"http:\/\/vmksz.hu\/wpnew\/wp-json\/wp\/v2\/posts"}],"about":[{"href":"http:\/\/vmksz.hu\/wpnew\/wp-json\/wp\/v2\/types\/post"}],"author":[{"embeddable":true,"href":"http:\/\/vmksz.hu\/wpnew\/wp-json\/wp\/v2\/users\/1"}],"replies":[{"embeddable":true,"href":"http:\/\/vmksz.hu\/wpnew\/wp-json\/wp\/v2\/comments?post=872"}],"version-history":[{"count":1,"href":"http:\/\/vmksz.hu\/wpnew\/wp-json\/wp\/v2\/posts\/872\/revisions"}],"predecessor-version":[{"id":873,"href":"http:\/\/vmksz.hu\/wpnew\/wp-json\/wp\/v2\/posts\/872\/revisions\/873"}],"wp:attachment":[{"href":"http:\/\/vmksz.hu\/wpnew\/wp-json\/wp\/v2\/media?parent=872"}],"wp:term":[{"taxonomy":"category","embeddable":true,"href":"http:\/\/vmksz.hu\/wpnew\/wp-json\/wp\/v2\/categories?post=872"},{"taxonomy":"post_tag","embeddable":true,"href":"http:\/\/vmksz.hu\/wpnew\/wp-json\/wp\/v2\/tags?post=872"}],"curies":[{"name":"wp","href":"https:\/\/api.w.org\/{rel}","templated":true}]}}