{"id":874,"date":"2020-07-21T18:20:07","date_gmt":"2020-07-21T18:20:07","guid":{"rendered":"http:\/\/vmksz.hu\/wpnew\/?p=874"},"modified":"2020-07-21T18:20:35","modified_gmt":"2020-07-21T18:20:35","slug":"iii-jotekonysagi-kezilabdas-tabor-ii-turnus-beszamolo","status":"publish","type":"post","link":"http:\/\/vmksz.hu\/wpnew\/2020\/07\/21\/iii-jotekonysagi-kezilabdas-tabor-ii-turnus-beszamolo\/","title":{"rendered":"III. J\u00f3t\u00e9konys\u00e1gi K\u00e9zilabd\u00e1s T\u00e1bor &#8211; II.  Turnus besz\u00e1mol\u00f3"},"content":{"rendered":"\n<p>A Veszpr\u00e9m Megyei K\u00e9zilabda Sz\u00f6vets\u00e9g a tavalyi \u00e9vekhez hasonl\u00f3an id\u00e9n is megszervezte j\u00f3t\u00e9konys\u00e1gi gyermekt\u00e1bor\u00e1t. A t\u00e1bort a janu\u00e1rban megrendezett HandB\u00e1l tombolaj\u00e1t\u00e9k\u00e1b\u00f3l befolyt \u00f6sszeg, valamint a \u201eMert seg\u00edteni j\u00f3\u201d Alap\u00edtv\u00e1ny \u00e9s a Fitt B\u00fcf\u00e9 felaj\u00e1nl\u00e1sa fedezi, a gyermekek r\u00e9sz\u00e9re teljesen k\u00f6lts\u00e9gmentes! <\/p>\n\n\n\n<p>Id\u00e9n m\u00e1r az el\u0151z\u0151 \u00e9vekhez k\u00e9pest 3 turnusban, heti 15 gyermeknek pr\u00f3b\u00e1lunk \u00f6r\u00f6met okozni a t\u00e1borral, melynek els\u0151 turnus\u00e1ban a veszpr\u00e9mi Egyed\u00fcl\u00e1ll\u00f3 Sz\u00fcl\u0151k Klubj\u00e1nak gyermekei vettek r\u00e9szt. Majd a k\u00f6vetkez\u0151 h\u00e9ten a Magyar V\u00f6r\u00f6skereszt v\u00e1rpalotai Csal\u00e1dok \u00c1tmeneti Otthon\u00e1nak, valamint a szentkir\u00e1lyszabadjai Start SE 10-15 \u00e9v k\u00f6z\u00f6tti gyerekei vehettek r\u00e9szt t\u00e1borunkban. Sz\u00f6vets\u00e9g\u00fcnk j\u00f3volt\u00e1b\u00f3l a r\u00e9sztvev\u0151 gyerekek tornazs\u00e1kot kaptak aj\u00e1nd\u00e9kba, melyet a h\u00e9ten d\u00e9lel\u0151tti edz\u00e9st tart\u00f3 edz\u0151k dedik\u00e1ltak is nekik. <\/p>\n\n\n\n<p>Az els\u0151 n\u00e9gy napon d\u00e9lel\u0151tt a veszpr\u00e9mi Stadion Munkacsarnok\u00e1ban pattogott a labda, ahov\u00e1 az els\u0151 nap a Telekom Veszpr\u00e9m kor\u00e1bbi legend\u00e1s j\u00e1t\u00e9kosa, jelenlegi m\u00e1sodedz\u0151je <strong>P\u00e9rez Carlos<\/strong>, majd kedden <strong>Deli Rita<\/strong> az Alba Feh\u00e9rv\u00e1r KC NBI-es csapat\u00e1nak vezet\u0151edz\u0151je j\u00f6tt el edz\u00e9st tartani, aki apr\u00f3bb aj\u00e1nd\u00e9kokkal, dedik\u00e1l\u00f3k\u00e1rty\u00e1kkal lepte meg a t\u00e1boroz\u00f3 di\u00e1kokat. Ezt k\u00f6vet\u0151en szerd\u00e1n \u00e9rkezett <strong>Szab\u00f3 Edina, <\/strong>aki igazi relikvi\u00e1kat \u00e9rdi edz\u0151p\u00f3l\u00f3kat, \u00e9s eredeti francia v\u00e1logatott mezeket is hozott a gyerekeknek. Majd cs\u00fct\u00f6rt\u00f6k\u00f6n <strong>Maros\u00e1n Gy\u00f6rgy, <\/strong>a Szombathelyi K\u00e9zilabda Klub \u00e9s Akad\u00e9mia n\u0151i NBI-es csapat\u00e1nak edz\u0151je is elj\u00f6tt hozz\u00e1nk, hogy j\u00f3kedv\u0171en j\u00e1t\u00e9kos form\u00e1ban ismertesse meg a gyerekekkel a k\u00e9zilabd\u00e1z\u00e1s alapjait. Az edz\u0151k minden napot egy r\u00f6vid bemutatkoz\u00e1ssal kezdtek, ahol lehet\u0151s\u00e9g\u00fck volt a gyerekeknek a k\u00e9rd\u00e9seiket is feltenni. A szakemberek pedig nagy emp\u00e1ti\u00e1val, \u00e9s nagyon sok t\u00fcrelemmel b\u00e1ntak a gyerekekkel, akik igyekeztek fegyelmezetten v\u00e9grehajtani, amit az edz\u0151k k\u00e9rtek t\u0151l\u00fck. <\/p>\n\n\n\n<p>A d\u00e9lel\u0151tti edz\u00e9st k\u00f6vet\u0151en ker\u00fclt sor az eb\u00e9dre, majd d\u00e9lut\u00e1n Als\u00f3\u00f6rs\u00f6n a strandk\u00e9zilabd\u00e1z\u00e1s alapjaival ismerkedhettek meg a t\u00e1boroz\u00f3k Papp Rich\u00e1rd (mint akt\u00edv strandk\u00e9zilabda j\u00e1t\u00e9kvezet\u0151), valamint \u00d6csi Tam\u00e1s \u00e9s Husz\u00e1r Patr\u00edcia k\u00f6zrem\u0171k\u00f6d\u00e9s\u00e9vel, akik a d\u00e9lut\u00e1ni edz\u00e9seken a gimnasztikai, illetve bemeleg\u00edt\u0151 gyakorlatokat hajtott\u00e1k v\u00e9gre a gyerekekkel, \u00e9s seg\u00edtettek nekik a j\u00e1t\u00e9k sor\u00e1n. <\/p>\n\n\n\n<p>Az edz\u00e9sek ut\u00e1n pedig az id\u0151j\u00e1r\u00e1s f\u00fcggv\u00e9ny\u00e9ben term\u00e9szetesen a strandol\u00e1s sem maradhatott el a Balatonban! <\/p>\n\n\n\n<p>Az eg\u00e9szs\u00e9ges t\u00e1pl\u00e1lkoz\u00e1s szellem\u00e9ben a h\u00e1romszori \u00e9tkez\u00e9st a veszpr\u00e9mi Stadionban \u00fczemel\u0151 Fitt B\u00fcf\u00e9 biztos\u00edtotta. <\/p>\n\n\n\n<p>Fontos kiemelni, hogy a t\u00e1bor \u00f3ri\u00e1si sportbar\u00e1ti, \u00e9s civil \u00f6sszefog\u00e1s eredm\u00e9nye. A k\u00f6rnyez\u0151 sportegyes\u00fcletek \u00e9s szervezetek seg\u00edts\u00e9ge p\u00e9lda\u00e9rt\u00e9k\u0171, melyet ez\u00faton is k\u00f6sz\u00f6n\u00fcnk! Szeretn\u00e9nk megk\u00f6sz\u00f6nni a VKSZ sz\u00e1munkra ny\u00fajtott t\u00e1mogat\u00e1s\u00e1t, akik a Sportcsarnokot a d\u00e9lel\u0151tti edz\u00e9sekhez sz\u00e1munkra biztos\u00edtott\u00e1k, valamint Als\u00f3\u00f6rs telep\u00fcl\u00e9snek a strand rendelkez\u00e9sre bocs\u00e1jt\u00e1s\u00e1t. Valamint szeretn\u00e9nk megk\u00f6sz\u00f6nni a Telekom Veszpr\u00e9m \u00e9s a Start SE Szentkir\u00e1lyszabadja seg\u00edts\u00e9g\u00e9t, akik kisbuszokat biztos\u00edtottak sz\u00e1munkra a gyerekek sz\u00e1ll\u00edt\u00e1sa \u00e9rdek\u00e9ben. V\u00e9g\u00fcl, de nem utols\u00f3 sorban a Kalandpark vezet\u00e9s\u00e9nek a kedvezm\u00e9nyes bel\u00e9p\u0151ket, ezzel hozz\u00e1seg\u00edtve t\u00e1boroz\u00f3inkat az \u00f6nfeledt sz\u00f3rakoz\u00e1shoz. <\/p>\n\n\n\n<div class=\"wp-block-image\"><figure class=\"aligncenter\"><img loading=\"lazy\" decoding=\"async\" width=\"768\" height=\"1024\" src=\"http:\/\/vmksz.hu\/wpnew\/wp-content\/uploads\/2020\/07\/1-768x1024.jpg\" alt=\"\" class=\"wp-image-875\" srcset=\"http:\/\/vmksz.hu\/wpnew\/wp-content\/uploads\/2020\/07\/1-768x1024.jpg 768w, http:\/\/vmksz.hu\/wpnew\/wp-content\/uploads\/2020\/07\/1-225x300.jpg 225w, http:\/\/vmksz.hu\/wpnew\/wp-content\/uploads\/2020\/07\/1.jpg 1244w\" sizes=\"(max-width: 767px) 89vw, (max-width: 1000px) 54vw, (max-width: 1071px) 543px, 580px\" \/><\/figure><\/div>\n\n\n\n<div class=\"wp-block-image\"><figure class=\"aligncenter\"><img loading=\"lazy\" decoding=\"async\" width=\"1024\" height=\"768\" src=\"http:\/\/vmksz.hu\/wpnew\/wp-content\/uploads\/2020\/07\/2-1024x768.jpg\" alt=\"\" class=\"wp-image-876\" srcset=\"http:\/\/vmksz.hu\/wpnew\/wp-content\/uploads\/2020\/07\/2-1024x768.jpg 1024w, http:\/\/vmksz.hu\/wpnew\/wp-content\/uploads\/2020\/07\/2-300x225.jpg 300w, http:\/\/vmksz.hu\/wpnew\/wp-content\/uploads\/2020\/07\/2-768x576.jpg 768w, http:\/\/vmksz.hu\/wpnew\/wp-content\/uploads\/2020\/07\/2.jpg 1244w\" sizes=\"(max-width: 767px) 89vw, (max-width: 1000px) 54vw, (max-width: 1071px) 543px, 580px\" \/><\/figure><\/div>\n\n\n\n<div class=\"wp-block-image\"><figure class=\"aligncenter\"><img loading=\"lazy\" decoding=\"async\" width=\"1024\" height=\"512\" src=\"http:\/\/vmksz.hu\/wpnew\/wp-content\/uploads\/2020\/07\/3-1024x512.jpg\" alt=\"\" class=\"wp-image-877\" srcset=\"http:\/\/vmksz.hu\/wpnew\/wp-content\/uploads\/2020\/07\/3-1024x512.jpg 1024w, http:\/\/vmksz.hu\/wpnew\/wp-content\/uploads\/2020\/07\/3-300x150.jpg 300w, http:\/\/vmksz.hu\/wpnew\/wp-content\/uploads\/2020\/07\/3-768x384.jpg 768w, http:\/\/vmksz.hu\/wpnew\/wp-content\/uploads\/2020\/07\/3.jpg 2048w\" sizes=\"(max-width: 767px) 89vw, (max-width: 1000px) 54vw, (max-width: 1071px) 543px, 580px\" \/><\/figure><\/div>\n\n\n\n<div class=\"wp-block-image\"><figure class=\"aligncenter\"><img loading=\"lazy\" decoding=\"async\" width=\"1024\" height=\"2048\" src=\"http:\/\/vmksz.hu\/wpnew\/wp-content\/uploads\/2020\/07\/4-512x1024.jpg\" alt=\"\" class=\"wp-image-878\" srcset=\"http:\/\/vmksz.hu\/wpnew\/wp-content\/uploads\/2020\/07\/4-512x1024.jpg 512w, http:\/\/vmksz.hu\/wpnew\/wp-content\/uploads\/2020\/07\/4-150x300.jpg 150w, http:\/\/vmksz.hu\/wpnew\/wp-content\/uploads\/2020\/07\/4-768x1536.jpg 768w, http:\/\/vmksz.hu\/wpnew\/wp-content\/uploads\/2020\/07\/4.jpg 1024w\" sizes=\"(max-width: 767px) 89vw, (max-width: 1000px) 54vw, (max-width: 1071px) 543px, 580px\" \/><\/figure><\/div>\n\n\n\n<div class=\"wp-block-image\"><figure class=\"aligncenter\"><img loading=\"lazy\" decoding=\"async\" width=\"768\" height=\"1024\" src=\"http:\/\/vmksz.hu\/wpnew\/wp-content\/uploads\/2020\/07\/5-768x1024.jpg\" alt=\"\" class=\"wp-image-879\" srcset=\"http:\/\/vmksz.hu\/wpnew\/wp-content\/uploads\/2020\/07\/5-768x1024.jpg 768w, http:\/\/vmksz.hu\/wpnew\/wp-content\/uploads\/2020\/07\/5-225x300.jpg 225w, http:\/\/vmksz.hu\/wpnew\/wp-content\/uploads\/2020\/07\/5.jpg 1244w\" sizes=\"(max-width: 767px) 89vw, (max-width: 1000px) 54vw, (max-width: 1071px) 543px, 580px\" \/><\/figure><\/div>\n\n\n\n<div class=\"wp-block-image\"><figure class=\"aligncenter\"><img loading=\"lazy\" decoding=\"async\" width=\"1024\" height=\"512\" src=\"http:\/\/vmksz.hu\/wpnew\/wp-content\/uploads\/2020\/07\/6-1024x512.jpg\" alt=\"\" class=\"wp-image-880\" srcset=\"http:\/\/vmksz.hu\/wpnew\/wp-content\/uploads\/2020\/07\/6-1024x512.jpg 1024w, http:\/\/vmksz.hu\/wpnew\/wp-content\/uploads\/2020\/07\/6-300x150.jpg 300w, http:\/\/vmksz.hu\/wpnew\/wp-content\/uploads\/2020\/07\/6-768x384.jpg 768w, http:\/\/vmksz.hu\/wpnew\/wp-content\/uploads\/2020\/07\/6.jpg 2048w\" sizes=\"(max-width: 767px) 89vw, (max-width: 1000px) 54vw, (max-width: 1071px) 543px, 580px\" \/><\/figure><\/div>\n\n\n\n<div class=\"wp-block-image\"><figure class=\"aligncenter\"><img decoding=\"async\" src=\"http:\/\/vmksz.hu\/wpnew\/wp-content\/uploads\/2020\/07\/7.jpg\" alt=\"\" class=\"wp-image-881\"\/><\/figure><\/div>\n","protected":false},"excerpt":{"rendered":"<p>A Veszpr\u00e9m Megyei K\u00e9zilabda Sz\u00f6vets\u00e9g a tavalyi \u00e9vekhez hasonl\u00f3an id\u00e9n is megszervezte j\u00f3t\u00e9konys\u00e1gi gyermekt\u00e1bor\u00e1t. A t\u00e1bort a janu\u00e1rban megrendezett HandB\u00e1l tombolaj\u00e1t\u00e9k\u00e1b\u00f3l befolyt \u00f6sszeg, valamint a \u201eMert seg\u00edteni j\u00f3\u201d Alap\u00edtv\u00e1ny \u00e9s a Fitt B\u00fcf\u00e9 felaj\u00e1nl\u00e1sa fedezi, a gyermekek r\u00e9sz\u00e9re teljesen k\u00f6lts\u00e9gmentes! Id\u00e9n m\u00e1r az el\u0151z\u0151 \u00e9vekhez k\u00e9pest 3 turnusban, heti 15 gyermeknek pr\u00f3b\u00e1lunk \u00f6r\u00f6met okozni a &hellip; <\/p>\n<p class=\"link-more\"><a href=\"http:\/\/vmksz.hu\/wpnew\/2020\/07\/21\/iii-jotekonysagi-kezilabdas-tabor-ii-turnus-beszamolo\/\" class=\"more-link\"><span class=\"screen-reader-text\">&#8222;III. J\u00f3t\u00e9konys\u00e1gi K\u00e9zilabd\u00e1s T\u00e1bor &#8211; II.  Turnus besz\u00e1mol\u00f3&#8221;<\/span> b\u0151vebben<\/a><\/p>\n","protected":false},"author":1,"featured_media":0,"comment_status":"closed","ping_status":"closed","sticky":false,"template":"","format":"standard","meta":{"ngg_post_thumbnail":0,"_monsterinsights_skip_tracking":false,"_monsterinsights_sitenote_active":false,"_monsterinsights_sitenote_note":"","_monsterinsights_sitenote_category":0,"footnotes":""},"categories":[1],"tags":[],"_links":{"self":[{"href":"http:\/\/vmksz.hu\/wpnew\/wp-json\/wp\/v2\/posts\/874"}],"collection":[{"href":"http:\/\/vmksz.hu\/wpnew\/wp-json\/wp\/v2\/posts"}],"about":[{"href":"http:\/\/vmksz.hu\/wpnew\/wp-json\/wp\/v2\/types\/post"}],"author":[{"embeddable":true,"href":"http:\/\/vmksz.hu\/wpnew\/wp-json\/wp\/v2\/users\/1"}],"replies":[{"embeddable":true,"href":"http:\/\/vmksz.hu\/wpnew\/wp-json\/wp\/v2\/comments?post=874"}],"version-history":[{"count":2,"href":"http:\/\/vmksz.hu\/wpnew\/wp-json\/wp\/v2\/posts\/874\/revisions"}],"predecessor-version":[{"id":883,"href":"http:\/\/vmksz.hu\/wpnew\/wp-json\/wp\/v2\/posts\/874\/revisions\/883"}],"wp:attachment":[{"href":"http:\/\/vmksz.hu\/wpnew\/wp-json\/wp\/v2\/media?parent=874"}],"wp:term":[{"taxonomy":"category","embeddable":true,"href":"http:\/\/vmksz.hu\/wpnew\/wp-json\/wp\/v2\/categories?post=874"},{"taxonomy":"post_tag","embeddable":true,"href":"http:\/\/vmksz.hu\/wpnew\/wp-json\/wp\/v2\/tags?post=874"}],"curies":[{"name":"wp","href":"https:\/\/api.w.org\/{rel}","templated":true}]}}