{"id":888,"date":"2020-07-23T15:02:29","date_gmt":"2020-07-23T15:02:29","guid":{"rendered":"http:\/\/vmksz.hu\/wpnew\/?p=888"},"modified":"2020-07-23T15:02:32","modified_gmt":"2020-07-23T15:02:32","slug":"mksz-ajanlas-merkozesek-rendezeserol","status":"publish","type":"post","link":"http:\/\/vmksz.hu\/wpnew\/2020\/07\/23\/mksz-ajanlas-merkozesek-rendezeserol\/","title":{"rendered":"MKSZ aj\u00e1nl\u00e1s m\u00e9rk\u0151z\u00e9sek rendez\u00e9s\u00e9r\u0151l"},"content":{"rendered":"\n<p><strong>A  hat\u00e1lyos jogszab\u00e1lyokat figyelembe v\u00e9ve a Magyar K\u00e9zilabda Sz\u00f6vets\u00e9g az  al\u00e1bbi aj\u00e1nl\u00e1st teszi k\u00e9zilabda-m\u00e9rk\u0151z\u00e9sek rendez\u00e9s\u00e9vel kapcsolatban.<\/strong><\/p>\n\n\n\n<p>A  j\u00e1rv\u00e1ny\u00fcgyi k\u00e9sz\u00fclts\u00e9gi id\u0151szak v\u00e9delmi int\u00e9zked\u00e9seir\u0151l sz\u00f3l\u00f3 2020. \u00e9vi  LVIII. t\u00f6rv\u00e9ny 38. pontja \u00e9rtelm\u00e9ben a rendezv\u00e9nyek helysz\u00edn\u00e9n val\u00f3  tart\u00f3zkod\u00e1sra a Korm\u00e1ny rendelet\u00e9ben k\u00fcl\u00f6n\u00f6s szab\u00e1lyokat \u00e1llap\u00edthat meg.  A vesz\u00e9lyhelyzet megsz\u00fcntet\u00e9s\u00e9r\u0151l sz\u00f3l\u00f3 2020. \u00e9vi LVII. t\u00f6rv\u00e9ny  hat\u00e1lybal\u00e9p\u00e9s\u00e9vel \u00e9letbe l\u00e9pett a j\u00e1rv\u00e1ny\u00fcgyi k\u00e9sz\u00fclts\u00e9gi id\u0151szak,  amelynek keret\u00e9ben \u00e9rv\u00e9nybe l\u00e9pett a j\u00e1rv\u00e1ny\u00fcgyi k\u00e9sz\u00fclts\u00e9gi id\u0151szak  v\u00e9delmi int\u00e9zked\u00e9seir\u0151l sz\u00f3l\u00f3 285\/2020. (VI. 17.) Korm. rendelet, amely  kiz\u00e1r\u00f3lag a zen\u00e9s, t\u00e1ncos rendezv\u00e9nyek megtart\u00e1sa eset\u00e9n \u00edrja el\u0151, hogy a  jelenl\u00e9v\u0151k sz\u00e1ma egy id\u0151ben nem haladhatja meg az 500 f\u0151t. <span style=\"text-decoration: underline;\">Mindezekre  tekintettel az 500 f\u0151s n\u00e9z\u0151sz\u00e1m sportrendezv\u00e9nyek tekintet\u00e9ben nem \u00e1ll  fenn.<\/span><\/p>\n\n\n\n<p>Ugyanakkor  k\u00e9rj\u00fck a sportszervezeteket, hogy az MKSZ, az OSEI aj\u00e1nl\u00e1sait minden  esetben tarts\u00e1k szem el\u0151tt, t\u00e1j\u00e9koz\u00f3djanak az aktu\u00e1lis napi  j\u00e1rv\u00e1nyk\u00e9sz\u00fclts\u00e9gr\u0151l, k\u00f6vess\u00e9k az Operat\u00edv T\u00f6rzs tev\u00e9kenys\u00e9g\u00e9t.<\/p>\n\n\n\n<p><a rel=\"noreferrer noopener\" aria-label=\"MKSZ aj\u00e1nl\u00e1s edz\u0151m\u00e9rk\u0151z\u00e9sek \u00e9s felk\u00e9sz\u00fcl\u00e9si torn\u00e1k rendez\u00e9s\u00e9re (\u00faj f\u00fcl\u00f6n nyitja meg)\" href=\"https:\/\/mksz.hu\/v2h\/003\/003\/p_003.asp?p_hir_kod=356&amp;p_hir_kod_ev=2020&amp;p_fo_cim=MKSZ-ajanlas%20edzomerkozesek%20es%20felkeszulesi%20tornak%20rendezesere\" target=\"_blank\">MKSZ aj\u00e1nl\u00e1s edz\u0151m\u00e9rk\u0151z\u00e9sek \u00e9s felk\u00e9sz\u00fcl\u00e9si torn\u00e1k rendez\u00e9s\u00e9re<\/a><\/p>\n\n\n\n<p><a href=\"https:\/\/mksz.hu\/_include\/_dokumentum\/dokumentum.asp?p_kod=83&amp;p_kod_ev=2020\" target=\"_blank\" rel=\"noreferrer noopener\" aria-label=\"OSEI \u00c1ll\u00e1sfoglal\u00e1s az \u00e9lsport eg\u00e9szs\u00e9g\u00fcgyi prevenci\u00f3s lehet\u0151s\u00e9geir\u0151l a kij\u00e1r\u00e1si korl\u00e1toz\u00e1s enyh\u00edt\u00e9se kapcs\u00e1n (2020.05.04.)  (\u00faj f\u00fcl\u00f6n nyitja meg)\">OSEI \u00c1ll\u00e1sfoglal\u00e1s az \u00e9lsport eg\u00e9szs\u00e9g\u00fcgyi prevenci\u00f3s lehet\u0151s\u00e9geir\u0151l a kij\u00e1r\u00e1si korl\u00e1toz\u00e1s enyh\u00edt\u00e9se kapcs\u00e1n (2020.05.04.) <\/a><\/p>\n\n\n\n<p><a href=\"https:\/\/mksz.hu\/_include\/_dokumentum\/dokumentum.asp?p_kod=84&amp;p_kod_ev=2020\" target=\"_blank\" rel=\"noreferrer noopener\" aria-label=\"OSEI  COVID-19 checklist sportol\u00f3k, st\u00e1btagok \u00e9s lehets\u00e9ges fert\u0151z\u00f6ttek r\u00e9sz\u00e9re  (\u00faj f\u00fcl\u00f6n nyitja meg)\">OSEI  COVID-19 checklist sportol\u00f3k, st\u00e1btagok \u00e9s lehets\u00e9ges fert\u0151z\u00f6ttek r\u00e9sz\u00e9re <\/a><\/p>\n","protected":false},"excerpt":{"rendered":"<p>A hat\u00e1lyos jogszab\u00e1lyokat figyelembe v\u00e9ve a Magyar K\u00e9zilabda Sz\u00f6vets\u00e9g az al\u00e1bbi aj\u00e1nl\u00e1st teszi k\u00e9zilabda-m\u00e9rk\u0151z\u00e9sek rendez\u00e9s\u00e9vel kapcsolatban. A j\u00e1rv\u00e1ny\u00fcgyi k\u00e9sz\u00fclts\u00e9gi id\u0151szak v\u00e9delmi int\u00e9zked\u00e9seir\u0151l sz\u00f3l\u00f3 2020. \u00e9vi LVIII. t\u00f6rv\u00e9ny 38. pontja \u00e9rtelm\u00e9ben a rendezv\u00e9nyek helysz\u00edn\u00e9n val\u00f3 tart\u00f3zkod\u00e1sra a Korm\u00e1ny rendelet\u00e9ben k\u00fcl\u00f6n\u00f6s szab\u00e1lyokat \u00e1llap\u00edthat meg. A vesz\u00e9lyhelyzet megsz\u00fcntet\u00e9s\u00e9r\u0151l sz\u00f3l\u00f3 2020. \u00e9vi LVII. t\u00f6rv\u00e9ny hat\u00e1lybal\u00e9p\u00e9s\u00e9vel \u00e9letbe l\u00e9pett a j\u00e1rv\u00e1ny\u00fcgyi &hellip; <\/p>\n<p class=\"link-more\"><a href=\"http:\/\/vmksz.hu\/wpnew\/2020\/07\/23\/mksz-ajanlas-merkozesek-rendezeserol\/\" class=\"more-link\"><span class=\"screen-reader-text\">&#8222;MKSZ aj\u00e1nl\u00e1s m\u00e9rk\u0151z\u00e9sek rendez\u00e9s\u00e9r\u0151l&#8221;<\/span> b\u0151vebben<\/a><\/p>\n","protected":false},"author":1,"featured_media":0,"comment_status":"closed","ping_status":"closed","sticky":false,"template":"","format":"standard","meta":{"ngg_post_thumbnail":0,"_monsterinsights_skip_tracking":false,"_monsterinsights_sitenote_active":false,"_monsterinsights_sitenote_note":"","_monsterinsights_sitenote_category":0,"footnotes":""},"categories":[1],"tags":[],"_links":{"self":[{"href":"http:\/\/vmksz.hu\/wpnew\/wp-json\/wp\/v2\/posts\/888"}],"collection":[{"href":"http:\/\/vmksz.hu\/wpnew\/wp-json\/wp\/v2\/posts"}],"about":[{"href":"http:\/\/vmksz.hu\/wpnew\/wp-json\/wp\/v2\/types\/post"}],"author":[{"embeddable":true,"href":"http:\/\/vmksz.hu\/wpnew\/wp-json\/wp\/v2\/users\/1"}],"replies":[{"embeddable":true,"href":"http:\/\/vmksz.hu\/wpnew\/wp-json\/wp\/v2\/comments?post=888"}],"version-history":[{"count":1,"href":"http:\/\/vmksz.hu\/wpnew\/wp-json\/wp\/v2\/posts\/888\/revisions"}],"predecessor-version":[{"id":889,"href":"http:\/\/vmksz.hu\/wpnew\/wp-json\/wp\/v2\/posts\/888\/revisions\/889"}],"wp:attachment":[{"href":"http:\/\/vmksz.hu\/wpnew\/wp-json\/wp\/v2\/media?parent=888"}],"wp:term":[{"taxonomy":"category","embeddable":true,"href":"http:\/\/vmksz.hu\/wpnew\/wp-json\/wp\/v2\/categories?post=888"},{"taxonomy":"post_tag","embeddable":true,"href":"http:\/\/vmksz.hu\/wpnew\/wp-json\/wp\/v2\/tags?post=888"}],"curies":[{"name":"wp","href":"https:\/\/api.w.org\/{rel}","templated":true}]}}