{"id":890,"date":"2020-07-26T16:36:59","date_gmt":"2020-07-26T16:36:59","guid":{"rendered":"http:\/\/vmksz.hu\/wpnew\/?p=890"},"modified":"2020-07-27T17:12:28","modified_gmt":"2020-07-27T17:12:28","slug":"iii-jotekonysagi-kezilabdas-tabor-iii-turnus-beszamolo","status":"publish","type":"post","link":"http:\/\/vmksz.hu\/wpnew\/2020\/07\/26\/iii-jotekonysagi-kezilabdas-tabor-iii-turnus-beszamolo\/","title":{"rendered":"III. J\u00f3t\u00e9konys\u00e1gi K\u00e9zilabd\u00e1s T\u00e1bor &#8211; III. Turnus besz\u00e1mol\u00f3"},"content":{"rendered":"\n<p>A Veszpr\u00e9m Megyei K\u00e9zilabda Sz\u00f6vets\u00e9g a tavalyi \u00e9vekhez\nhasonl\u00f3an id\u00e9n is megszervezte j\u00f3t\u00e9konys\u00e1gi gyermekt\u00e1bor\u00e1t. A t\u00e1bort a\njanu\u00e1rban megrendezett HandB\u00e1l tombolaj\u00e1t\u00e9k\u00e1b\u00f3l befolyt \u00f6sszeg, valamint a\n\u201eMert seg\u00edteni j\u00f3\u201d Alap\u00edtv\u00e1ny \u00e9s a Fitt B\u00fcf\u00e9 felaj\u00e1nl\u00e1sa fedezi, a gyermekek\nr\u00e9sz\u00e9re teljesen k\u00f6lts\u00e9gmentes!<\/p>\n\n\n\n<p>Id\u00e9n m\u00e1r az el\u0151z\u0151 \u00e9vekhez k\u00e9pest 3 turnusban, heti 15 gyermeknek\npr\u00f3b\u00e1lunk \u00f6r\u00f6met okozni a t\u00e1borral, melynek els\u0151 turnus\u00e1ban a veszpr\u00e9mi\nEgyed\u00fcl\u00e1ll\u00f3 Sz\u00fcl\u0151k Klubj\u00e1nak gyermekei vettek r\u00e9szt. Majd a k\u00f6vetkez\u0151 h\u00e9ten a\nMagyar V\u00f6r\u00f6skereszt v\u00e1rpalotai Csal\u00e1dok \u00c1tmeneti Otthon\u00e1nak, valamint a\nszentkir\u00e1lyszabadjai Start SE 10-15 \u00e9v k\u00f6z\u00f6tti gyerekei vehettek r\u00e9szt\nt\u00e1borunkban. &nbsp;Harmadik h\u00e9ten pedig a\nv\u00e1rpalotai Otthon legkisebb lak\u00f3i voltak t\u00e1borunk vend\u00e9gei.<\/p>\n\n\n\n<p>Az els\u0151 n\u00e9gy napon d\u00e9lel\u0151tt a v\u00e1rpalotai G\u00e1l Gyula Sportcsarnokban pattogott a labda, ahol a <strong>V\u00e1rpalotai B\u00e1ny\u00e1sz<\/strong> csapat\u00e1nak edz\u0151i ny\u00fajtottak seg\u00edt\u0151 kezet a d\u00e9lel\u0151tti edz\u00e9sek sor\u00e1n. Az els\u0151 nap a klub feln\u0151tt-, \u00e9s ifj\u00fas\u00e1gi I. oszt\u00e1ly\u00fa csapat\u00e1nak vezet\u0151edz\u0151je <strong>Soha Gerg\u0151<\/strong>, majd kedden <strong>Szili D\u00e1niel<\/strong> ut\u00e1np\u00f3tl\u00e1s edz\u0151 j\u00f6tt el edz\u00e9st tartani. Ezt k\u00f6vet\u0151en szerd\u00e1n \u00e9rkezett <strong>Gr\u00fcll G\u00e1bor, <\/strong>aki ugyancsak j\u00f3l megmozgatta a gyerekeket. Majd cs\u00fct\u00f6rt\u00f6k\u00f6n \u00e9rkezett<strong> T\u00f3th T\u00edmea <\/strong>kor\u00e1bbi 152-szeres v\u00e1logatott, VB ez\u00fcst\u00e9rmes k\u00e9zilabd\u00e1z\u00f3 l\u00e1togatta meg a gyerekeket, aki apr\u00f3bb aj\u00e1nd\u00e9kkal, egy grav\u00edrozott eml\u00e9k\u00e9remmel lepte meg a kisgyerekeket, ezzel adva nekik egy k\u00e9zzelfoghat\u00f3 eml\u00e9ket, amelyr\u0151l mindig a t\u00e1borban elt\u00f6lt\u00f6tt h\u00e9t fog esz\u00fckbe jutni a t\u00e1boroz\u00f3knak. Az edz\u0151k minden napot egy r\u00f6vid bemutatkoz\u00e1ssal kezdtek, ahol lehet\u0151s\u00e9g\u00fck volt a gyerekeknek a k\u00e9rd\u00e9seiket is feltenni. A szakemberek pedig nagy emp\u00e1ti\u00e1val, \u00e9s nagyon sok t\u00fcrelemmel b\u00e1ntak a gyerekekkel, akik igyekeztek j\u00e1t\u00e9kos form\u00e1ban, de fegyelmezetten v\u00e9grehajtani, amit az edz\u0151k k\u00e9rtek t\u0151l\u00fck.<\/p>\n\n\n\n<div class=\"wp-block-image\"><figure class=\"aligncenter\"><img loading=\"lazy\" decoding=\"async\" width=\"1024\" height=\"512\" src=\"http:\/\/vmksz.hu\/wpnew\/wp-content\/uploads\/2020\/07\/1-2-1024x512.jpg\" alt=\"\" class=\"wp-image-892\" srcset=\"http:\/\/vmksz.hu\/wpnew\/wp-content\/uploads\/2020\/07\/1-2-1024x512.jpg 1024w, http:\/\/vmksz.hu\/wpnew\/wp-content\/uploads\/2020\/07\/1-2-300x150.jpg 300w, http:\/\/vmksz.hu\/wpnew\/wp-content\/uploads\/2020\/07\/1-2-768x384.jpg 768w, http:\/\/vmksz.hu\/wpnew\/wp-content\/uploads\/2020\/07\/1-2.jpg 2048w\" sizes=\"(max-width: 767px) 89vw, (max-width: 1000px) 54vw, (max-width: 1071px) 543px, 580px\" \/><\/figure><\/div>\n\n\n\n<div class=\"wp-block-image\"><figure class=\"aligncenter\"><img loading=\"lazy\" decoding=\"async\" width=\"1024\" height=\"512\" src=\"http:\/\/vmksz.hu\/wpnew\/wp-content\/uploads\/2020\/07\/2-1-1024x512.jpg\" alt=\"\" class=\"wp-image-893\" srcset=\"http:\/\/vmksz.hu\/wpnew\/wp-content\/uploads\/2020\/07\/2-1-1024x512.jpg 1024w, http:\/\/vmksz.hu\/wpnew\/wp-content\/uploads\/2020\/07\/2-1-300x150.jpg 300w, http:\/\/vmksz.hu\/wpnew\/wp-content\/uploads\/2020\/07\/2-1-768x384.jpg 768w, http:\/\/vmksz.hu\/wpnew\/wp-content\/uploads\/2020\/07\/2-1.jpg 2048w\" sizes=\"(max-width: 767px) 89vw, (max-width: 1000px) 54vw, (max-width: 1071px) 543px, 580px\" \/><\/figure><\/div>\n\n\n\n<div class=\"wp-block-image\"><figure class=\"aligncenter\"><img decoding=\"async\" src=\"http:\/\/vmksz.hu\/wpnew\/wp-content\/uploads\/2020\/07\/3-1.jpg\" alt=\"\" class=\"wp-image-894\"\/><\/figure><\/div>\n\n\n\n<div class=\"wp-block-image\"><figure class=\"aligncenter\"><img loading=\"lazy\" decoding=\"async\" width=\"768\" height=\"576\" src=\"http:\/\/vmksz.hu\/wpnew\/wp-content\/uploads\/2020\/07\/4-1.jpg\" alt=\"\" class=\"wp-image-895\" srcset=\"http:\/\/vmksz.hu\/wpnew\/wp-content\/uploads\/2020\/07\/4-1.jpg 768w, http:\/\/vmksz.hu\/wpnew\/wp-content\/uploads\/2020\/07\/4-1-300x225.jpg 300w\" sizes=\"(max-width: 767px) 89vw, (max-width: 1000px) 54vw, (max-width: 1071px) 543px, 580px\" \/><\/figure><\/div>\n\n\n\n<p>A d\u00e9lel\u0151tti edz\u00e9st k\u00f6vet\u0151en pedig minden nap finom eb\u00e9ddel z\u00e1rtuk a t\u00e1bornapot.&nbsp; <\/p>\n\n\n\n<p>Az eb\u00e9d elfogyaszt\u00e1sa ut\u00e1n pedig visszas\u00e9t\u00e1ltunk az Otthonba,\nahol minden kisgyerek f\u00e1radtan fek\u00fcdt le a d\u00e9lut\u00e1ni pihen\u0151j\u00e9re.&nbsp; <\/p>\n\n\n\n<p>A p\u00e9nteki napon pedig nagy meglepet\u00e9sben volt r\u00e9sz\u00fck az Otthon\nlak\u00f3inak, ugyanis 9 \u00f3ra el\u0151tt p\u00e1r perccel egy ismeretlen aut\u00f3 \u00e1llt be az\nudvarukba, aminek csomagter\u00e9b\u0151l egy nagy gomb\u00f3cot gur\u00edtottak ki. Ez mint\npillanatokon bel\u00fcl kider\u00fclt egy ugr\u00e1l\u00f3v\u00e1r volt, amelyet a 3 hetes t\u00e1bor\nz\u00e1r\u00e1sak\u00e9nt b\u00e9relt\u00fcnk ki a gyerekeknek d\u00e9lel\u0151ttre.&nbsp; <\/p>\n\n\n\n<div class=\"wp-block-image\"><figure class=\"aligncenter\"><img decoding=\"async\" src=\"http:\/\/vmksz.hu\/wpnew\/wp-content\/uploads\/2020\/07\/5-1-512x1024.jpg\" alt=\"\" class=\"wp-image-896\"\/><\/figure><\/div>\n\n\n\n<p>Ez id\u0151 alatt, m\u00edg a gyerekek az ugr\u00e1l\u00f3v\u00e1rban f\u00e1rasztott\u00e1k le magukat az anyuk\u00e1k pedig a konyh\u00e1ban t\u00fcst\u00e9nkedtek, ugyanis m\u00e1r kor\u00e1n reggel \u00f3ta azon f\u00e1radoztak, hogy d\u00e9lre elk\u00e9sz\u00fclj\u00f6n a sert\u00e9sp\u00f6rk\u00f6lt, amelyre minden lak\u00f3 a vend\u00e9g\u00fcnk volt. Fontos kiemelni, hogy a t\u00e1bor \u00f3ri\u00e1si sportbar\u00e1ti, \u00e9s civil \u00f6sszefog\u00e1s eredm\u00e9nye. A k\u00f6rnyez\u0151 sportegyes\u00fcletek \u00e9s szervezetek seg\u00edts\u00e9ge p\u00e9lda\u00e9rt\u00e9k\u0171, melyet ez\u00faton is k\u00f6sz\u00f6n\u00fcnk! Szeretn\u00e9nk megk\u00f6sz\u00f6nni a V\u00e1rpalotai B\u00e1ny\u00e1sz SK sz\u00e1munkra ny\u00fajtott t\u00e1mogat\u00e1s\u00e1t, akik a Sportcsarnokot a d\u00e9lel\u0151tti edz\u00e9sekhez sz\u00e1munkra biztos\u00edtott\u00e1k, valamint a Klub k\u00f6tel\u00e9k\u00e9ben tev\u00e9kenyked\u0151 edz\u0151knek az \u00f6nzetlen seg\u00edts\u00e9get!<\/p>\n\n\n\n<div class=\"wp-block-image\"><figure class=\"aligncenter\"><img loading=\"lazy\" decoding=\"async\" width=\"512\" height=\"1024\" src=\"http:\/\/vmksz.hu\/wpnew\/wp-content\/uploads\/2020\/07\/6-1-512x1024.jpg\" alt=\"\" class=\"wp-image-897\" srcset=\"http:\/\/vmksz.hu\/wpnew\/wp-content\/uploads\/2020\/07\/6-1-512x1024.jpg 512w, http:\/\/vmksz.hu\/wpnew\/wp-content\/uploads\/2020\/07\/6-1-150x300.jpg 150w, http:\/\/vmksz.hu\/wpnew\/wp-content\/uploads\/2020\/07\/6-1-768x1536.jpg 768w, http:\/\/vmksz.hu\/wpnew\/wp-content\/uploads\/2020\/07\/6-1.jpg 1024w\" sizes=\"(max-width: 512px) 100vw, 512px\" \/><\/figure><\/div>\n\n\n\n<p>Gyermekek \u00e1ltal k\u00e9sz\u00edtett k\u00f6sz\u00f6n\u0151 rajzok:<\/p>\n\n\n\n<figure class=\"wp-block-image\"><img loading=\"lazy\" decoding=\"async\" width=\"1024\" height=\"724\" src=\"http:\/\/vmksz.hu\/wpnew\/wp-content\/uploads\/2020\/07\/k\u00e9pek.1-1024x724.jpeg\" alt=\"\" class=\"wp-image-900\" srcset=\"http:\/\/vmksz.hu\/wpnew\/wp-content\/uploads\/2020\/07\/k\u00e9pek.1-1024x724.jpeg 1024w, http:\/\/vmksz.hu\/wpnew\/wp-content\/uploads\/2020\/07\/k\u00e9pek.1-300x212.jpeg 300w, http:\/\/vmksz.hu\/wpnew\/wp-content\/uploads\/2020\/07\/k\u00e9pek.1-768x543.jpeg 768w\" sizes=\"(max-width: 767px) 89vw, (max-width: 1000px) 54vw, (max-width: 1071px) 543px, 580px\" \/><\/figure>\n\n\n\n<figure class=\"wp-block-image\"><img loading=\"lazy\" decoding=\"async\" width=\"1024\" height=\"724\" src=\"http:\/\/vmksz.hu\/wpnew\/wp-content\/uploads\/2020\/07\/k\u00e9pek.2-1024x724.jpeg\" alt=\"\" class=\"wp-image-901\" srcset=\"http:\/\/vmksz.hu\/wpnew\/wp-content\/uploads\/2020\/07\/k\u00e9pek.2-1024x724.jpeg 1024w, http:\/\/vmksz.hu\/wpnew\/wp-content\/uploads\/2020\/07\/k\u00e9pek.2-300x212.jpeg 300w, http:\/\/vmksz.hu\/wpnew\/wp-content\/uploads\/2020\/07\/k\u00e9pek.2-768x543.jpeg 768w\" sizes=\"(max-width: 767px) 89vw, (max-width: 1000px) 54vw, (max-width: 1071px) 543px, 580px\" \/><\/figure>\n\n\n\n<figure class=\"wp-block-image\"><img loading=\"lazy\" decoding=\"async\" width=\"1024\" height=\"724\" src=\"http:\/\/vmksz.hu\/wpnew\/wp-content\/uploads\/2020\/07\/k\u00e9pek.3-1024x724.jpeg\" alt=\"\" class=\"wp-image-902\" srcset=\"http:\/\/vmksz.hu\/wpnew\/wp-content\/uploads\/2020\/07\/k\u00e9pek.3-1024x724.jpeg 1024w, http:\/\/vmksz.hu\/wpnew\/wp-content\/uploads\/2020\/07\/k\u00e9pek.3-300x212.jpeg 300w, http:\/\/vmksz.hu\/wpnew\/wp-content\/uploads\/2020\/07\/k\u00e9pek.3-768x543.jpeg 768w\" sizes=\"(max-width: 767px) 89vw, (max-width: 1000px) 54vw, (max-width: 1071px) 543px, 580px\" \/><\/figure>\n","protected":false},"excerpt":{"rendered":"<p>A Veszpr\u00e9m Megyei K\u00e9zilabda Sz\u00f6vets\u00e9g a tavalyi \u00e9vekhez hasonl\u00f3an id\u00e9n is megszervezte j\u00f3t\u00e9konys\u00e1gi gyermekt\u00e1bor\u00e1t. A t\u00e1bort a janu\u00e1rban megrendezett HandB\u00e1l tombolaj\u00e1t\u00e9k\u00e1b\u00f3l befolyt \u00f6sszeg, valamint a \u201eMert seg\u00edteni j\u00f3\u201d Alap\u00edtv\u00e1ny \u00e9s a Fitt B\u00fcf\u00e9 felaj\u00e1nl\u00e1sa fedezi, a gyermekek r\u00e9sz\u00e9re teljesen k\u00f6lts\u00e9gmentes! Id\u00e9n m\u00e1r az el\u0151z\u0151 \u00e9vekhez k\u00e9pest 3 turnusban, heti 15 gyermeknek pr\u00f3b\u00e1lunk \u00f6r\u00f6met okozni a &hellip; <\/p>\n<p class=\"link-more\"><a href=\"http:\/\/vmksz.hu\/wpnew\/2020\/07\/26\/iii-jotekonysagi-kezilabdas-tabor-iii-turnus-beszamolo\/\" class=\"more-link\"><span class=\"screen-reader-text\">&#8222;III. J\u00f3t\u00e9konys\u00e1gi K\u00e9zilabd\u00e1s T\u00e1bor &#8211; III. Turnus besz\u00e1mol\u00f3&#8221;<\/span> b\u0151vebben<\/a><\/p>\n","protected":false},"author":1,"featured_media":0,"comment_status":"closed","ping_status":"closed","sticky":false,"template":"","format":"standard","meta":{"ngg_post_thumbnail":0,"_monsterinsights_skip_tracking":false,"_monsterinsights_sitenote_active":false,"_monsterinsights_sitenote_note":"","_monsterinsights_sitenote_category":0,"footnotes":""},"categories":[1],"tags":[],"_links":{"self":[{"href":"http:\/\/vmksz.hu\/wpnew\/wp-json\/wp\/v2\/posts\/890"}],"collection":[{"href":"http:\/\/vmksz.hu\/wpnew\/wp-json\/wp\/v2\/posts"}],"about":[{"href":"http:\/\/vmksz.hu\/wpnew\/wp-json\/wp\/v2\/types\/post"}],"author":[{"embeddable":true,"href":"http:\/\/vmksz.hu\/wpnew\/wp-json\/wp\/v2\/users\/1"}],"replies":[{"embeddable":true,"href":"http:\/\/vmksz.hu\/wpnew\/wp-json\/wp\/v2\/comments?post=890"}],"version-history":[{"count":3,"href":"http:\/\/vmksz.hu\/wpnew\/wp-json\/wp\/v2\/posts\/890\/revisions"}],"predecessor-version":[{"id":903,"href":"http:\/\/vmksz.hu\/wpnew\/wp-json\/wp\/v2\/posts\/890\/revisions\/903"}],"wp:attachment":[{"href":"http:\/\/vmksz.hu\/wpnew\/wp-json\/wp\/v2\/media?parent=890"}],"wp:term":[{"taxonomy":"category","embeddable":true,"href":"http:\/\/vmksz.hu\/wpnew\/wp-json\/wp\/v2\/categories?post=890"},{"taxonomy":"post_tag","embeddable":true,"href":"http:\/\/vmksz.hu\/wpnew\/wp-json\/wp\/v2\/tags?post=890"}],"curies":[{"name":"wp","href":"https:\/\/api.w.org\/{rel}","templated":true}]}}